{"id":389,"date":"2020-06-24T09:58:31","date_gmt":"2020-06-24T09:58:31","guid":{"rendered":"https:\/\/web-sme-csp.com\/serbia\/?p=389"},"modified":"2020-07-17T13:11:13","modified_gmt":"2020-07-17T13:11:13","slug":"profesionalna-pomoc-u-transportu","status":"publish","type":"post","link":"https:\/\/web-sme-csp.com\/serbia\/sr\/profesionalna-pomoc-u-transportu\/","title":{"rendered":"PROFESIONALNA POMO\u0106 U TRANSPORTU"},"content":{"rendered":"\t\t<div data-elementor-type=\"wp-post\" data-elementor-id=\"389\" class=\"elementor elementor-389\" data-elementor-post-type=\"post\">\n\t\t\t\t\t\t<section class=\"elementor-section elementor-top-section elementor-element elementor-element-c1e7820 elementor-section-full_width elementor-section-height-default elementor-section-height-default\" data-id=\"c1e7820\" data-element_type=\"section\" data-e-type=\"section\">\n\t\t\t\t\t\t<div class=\"elementor-container elementor-column-gap-no\">\n\t\t\t\t\t<div class=\"elementor-column elementor-col-100 elementor-top-column elementor-element elementor-element-4b77c21\" data-id=\"4b77c21\" data-element_type=\"column\" data-e-type=\"column\">\n\t\t\t<div class=\"elementor-widget-wrap elementor-element-populated\">\n\t\t\t\t\t\t<div class=\"elementor-element elementor-element-ee86f6c elementor-skin-carousel elementor-widget elementor-widget-media-carousel\" data-id=\"ee86f6c\" data-element_type=\"widget\" data-e-type=\"widget\" data-settings=\"{&quot;space_between&quot;:{&quot;unit&quot;:&quot;px&quot;,&quot;size&quot;:0,&quot;sizes&quot;:[]},&quot;skin&quot;:&quot;carousel&quot;,&quot;effect&quot;:&quot;slide&quot;,&quot;speed&quot;:500,&quot;autoplay&quot;:&quot;yes&quot;,&quot;autoplay_speed&quot;:5000,&quot;loop&quot;:&quot;yes&quot;,&quot;pause_on_hover&quot;:&quot;yes&quot;,&quot;pause_on_interaction&quot;:&quot;yes&quot;,&quot;space_between_tablet&quot;:{&quot;unit&quot;:&quot;px&quot;,&quot;size&quot;:10,&quot;sizes&quot;:[]},&quot;space_between_mobile&quot;:{&quot;unit&quot;:&quot;px&quot;,&quot;size&quot;:10,&quot;sizes&quot;:[]}}\" data-widget_type=\"media-carousel.default\">\n\t\t\t\t<div class=\"elementor-widget-container\">\n\t\t\t\t\t\t\t\t\t<div class=\"elementor-swiper\">\n\t\t\t\t\t<div class=\"elementor-main-swiper swiper\" role=\"region\" aria-roledescription=\"carousel\" aria-label=\"Slides\">\n\t\t\t\t<div class=\"swiper-wrapper\">\n\t\t\t\t\t\t\t\t\t\t\t<div class=\"swiper-slide\" role=\"group\" aria-roledescription=\"slide\">\n\t\t\t\t\t\t\t\t\t<div class=\"elementor-carousel-image\" role=\"img\" aria-label=\"Technology Selector\" style=\"background-image: url(&#039;https:\/\/westernbalkan.ybm.eu\/kosovo\/wp-content\/uploads\/sites\/3\/2019\/03\/395129-PCH2M7-589-e1552605691578.jpg&#039;)\">\n\n\t\t\t\n\t\t\t\t\t<\/div>\n\t\t\t\t\t\t\t\t<\/div>\n\t\t\t\t\t\t\t\t\t<\/div>\n\t\t\t\t\t\t\t<\/div>\n\t\t\t\t<\/div>\n\t\t\t\t\t\t\t\t<\/div>\n\t\t\t\t<\/div>\n\t\t\t\t\t<\/div>\n\t\t<\/div>\n\t\t\t\t\t<\/div>\n\t\t<\/section>\n\t\t\t\t<section class=\"elementor-section elementor-top-section elementor-element elementor-element-f6ce829 elementor-section-content-middle elementor-section-boxed elementor-section-height-default elementor-section-height-default\" data-id=\"f6ce829\" data-element_type=\"section\" data-e-type=\"section\" data-settings=\"{&quot;background_background&quot;:&quot;classic&quot;}\">\n\t\t\t\t\t\t<div class=\"elementor-container elementor-column-gap-default\">\n\t\t\t\t\t<div class=\"elementor-column elementor-col-100 elementor-top-column elementor-element elementor-element-a946b21\" data-id=\"a946b21\" data-element_type=\"column\" data-e-type=\"column\" data-settings=\"{&quot;background_background&quot;:&quot;classic&quot;}\">\n\t\t\t<div class=\"elementor-widget-wrap elementor-element-populated\">\n\t\t\t\t\t\t<div class=\"elementor-element elementor-element-9986198 elementor-widget elementor-widget-heading\" data-id=\"9986198\" data-element_type=\"widget\" data-e-type=\"widget\" data-widget_type=\"heading.default\">\n\t\t\t\t<div class=\"elementor-widget-container\">\n\t\t\t\t\t<h1 class=\"elementor-heading-title elementor-size-default\">PROFESIONALNA POMO\u0106 U TRANSPORTU<\/h1>\t\t\t\t<\/div>\n\t\t\t\t<\/div>\n\t\t\t\t\t<\/div>\n\t\t<\/div>\n\t\t\t\t\t<\/div>\n\t\t<\/section>\n\t\t\t\t<section class=\"elementor-section elementor-top-section elementor-element elementor-element-f515d1c elementor-section-boxed elementor-section-height-default elementor-section-height-default\" data-id=\"f515d1c\" data-element_type=\"section\" data-e-type=\"section\">\n\t\t\t\t\t\t<div class=\"elementor-container elementor-column-gap-default\">\n\t\t\t\t\t<div class=\"elementor-column elementor-col-100 elementor-top-column elementor-element elementor-element-1fe976c\" data-id=\"1fe976c\" data-element_type=\"column\" data-e-type=\"column\">\n\t\t\t<div class=\"elementor-widget-wrap elementor-element-populated\">\n\t\t\t\t\t\t<section class=\"elementor-section elementor-inner-section elementor-element elementor-element-9fa2b8e elementor-section-boxed elementor-section-height-default elementor-section-height-default\" data-id=\"9fa2b8e\" data-element_type=\"section\" data-e-type=\"section\">\n\t\t\t\t\t\t<div class=\"elementor-container elementor-column-gap-default\">\n\t\t\t\t\t<div class=\"elementor-column elementor-col-50 elementor-inner-column elementor-element elementor-element-9f90043\" data-id=\"9f90043\" data-element_type=\"column\" data-e-type=\"column\">\n\t\t\t<div class=\"elementor-widget-wrap elementor-element-populated\">\n\t\t\t\t\t\t<div class=\"elementor-element elementor-element-0303a60 elementor-widget elementor-widget-text-editor\" data-id=\"0303a60\" data-element_type=\"widget\" data-e-type=\"widget\" data-widget_type=\"text-editor.default\">\n\t\t\t\t<div class=\"elementor-widget-container\">\n\t\t\t\t\t\t\t\t\t<p><strong>NIZ-FENIX d.o.o. <\/strong>je kompanija osnovana 1992, kao kompanija koja se bavi pru\u017eanjem usluga drumskog teretnog saobra\u0107aja i prodajom guma, carinskIM skladi\u0161tenjem i uslugama posredovanja izme\u0111u zemlja iz EU i Rusije.<\/p><p>Da bi pobolj\u0161ala svoje usluge, kompanija je investirala u centar za tehni\u010dki servis teretnih vozila, kako bi mogla da obezbedi usluge tehni\u010dkog pregleda. Investicija uklju\u010duje ulaganje u opremu za merenje sile prijanjanja putni\u010dkih vozila, kamiona i autobusa, \u0161ine za merdevine motornih vozila, automatsko pranje tereta i hidrauli\u010dni podiza\u010d.<\/p><p>Projekat je finansiran kao projekat koji je pro\u0161ao LET proceduru, koja se zasniva na listi unapred odobrene opreme i po svojoj prirodi spada u red projekata koji iziskuju kra\u0107i proces tehni\u010dke procene. Trenutna lista odgovaraju\u0107e tehnologije uklju\u010duje stotine individualnih stvaki koje \u0107e investitor birati sa liste koja se kontinuirano dopunjava sa novim tehnologijama.<\/p><p>Nakon uspe\u0161ne verifikacije projekta, EVROTEHNA d.o.o je primila povra\u0107aj od 15% grant od strane EU.<\/p><p>Sa ovom investicijom, kompanija se susre\u0107e sa novim standardima, i to:<\/p><ul><li style=\"list-style-type: none;\"><ul><li>Direktiva 2014\/45\/EU periodi\u010dni testovi tehni\u010dke ispravnosti,<\/li><li>Direktiva 2014\/47\/EU periodi\u010dni testovi tehni\u010dke ispravnosti komercijalnih vozila,<\/li><li>Uredba Komisije 2016\/646 o izmeni regulative (EC) 692\/2008 u pogledu emisije gasova iz manjih putni\u010dkih i komercijalnih vozila,<\/li><li>Direktiva 2007\/46\/EC Evropskog parlamenta i Odbora od 5. septembra 2007 uspostavljena kao okvir za homologaciju motornih vozila i prikolica i sistema komponenti i posebnih tehni\u010dkih jedinica namenjenih za takva vozila i<\/li><li>Direktiva 2006\/42\/EC Evropskog parlamenta i Odbora od 17. maja. godine koja se odnosi na ma\u0161ine.<\/li><\/ul><\/li><\/ul>\t\t\t\t\t\t\t\t<\/div>\n\t\t\t\t<\/div>\n\t\t\t\t\t<\/div>\n\t\t<\/div>\n\t\t\t\t<div class=\"elementor-column elementor-col-50 elementor-inner-column elementor-element elementor-element-a2cf547\" data-id=\"a2cf547\" data-element_type=\"column\" data-e-type=\"column\">\n\t\t\t<div class=\"elementor-widget-wrap elementor-element-populated\">\n\t\t\t\t\t\t<div class=\"elementor-element elementor-element-4be607d elementor-widget elementor-widget-spacer\" data-id=\"4be607d\" data-element_type=\"widget\" data-e-type=\"widget\" data-widget_type=\"spacer.default\">\n\t\t\t\t<div class=\"elementor-widget-container\">\n\t\t\t\t\t\t\t<div class=\"elementor-spacer\">\n\t\t\t<div class=\"elementor-spacer-inner\"><\/div>\n\t\t<\/div>\n\t\t\t\t\t\t<\/div>\n\t\t\t\t<\/div>\n\t\t\t\t<div class=\"elementor-element elementor-element-f0113a0 elementor-widget elementor-widget-spacer\" data-id=\"f0113a0\" data-element_type=\"widget\" data-e-type=\"widget\" data-widget_type=\"spacer.default\">\n\t\t\t\t<div class=\"elementor-widget-container\">\n\t\t\t\t\t\t\t<div class=\"elementor-spacer\">\n\t\t\t<div class=\"elementor-spacer-inner\"><\/div>\n\t\t<\/div>\n\t\t\t\t\t\t<\/div>\n\t\t\t\t<\/div>\n\t\t\t\t<div class=\"elementor-element elementor-element-65f1f11 elementor-widget elementor-widget-text-editor\" data-id=\"65f1f11\" data-element_type=\"widget\" data-e-type=\"widget\" data-widget_type=\"text-editor.default\">\n\t\t\t\t<div class=\"elementor-widget-container\">\n\t\t\t\t\t\t\t\t\t<table>\n<tbody>\n<tr>\n<td width=\"300\">\n<h4><strong>Iznos kredita <\/strong><\/h4>\n<\/td>\n<td width=\"300\">\n<h4><strong>\u20ac <\/strong><strong>146,868<\/strong><\/h4>\n<\/td>\n<\/tr>\n<tr>\n<td width=\"300\">\n<h4><strong>Grant podsticaj <\/strong><\/h4>\n<\/td>\n<td width=\"300\">\n<h4><strong>\u20ac 22,030<\/strong><\/h4>\n<\/td>\n<\/tr>\n<tr>\n<td width=\"300\">\n<h4><strong>EU Direktive <\/strong><\/h4>\n<\/td>\n<td width=\"300\">\n<h4>Direktive o tehni\u010dkoj ispravnosti vozila, emsije gasova, homologacija vozila i prikolica, direktive koje se odnose na ma\u0161ine.<\/h4>\n<\/td>\n<\/tr>\n<tr>\n<td width=\"300\">\n<h4><strong>Investirano u:<\/strong><\/h4>\n<\/td>\n<td width=\"300\">\n<h4>Oprema za pregled vozila, \u00a0pranja tereta i hidrauli\u010dni lift.<\/h4>\n<\/td>\n<\/tr>\n<\/tbody>\n<\/table>\n<h4><\/h4>\t\t\t\t\t\t\t\t<\/div>\n\t\t\t\t<\/div>\n\t\t\t\t\t<\/div>\n\t\t<\/div>\n\t\t\t\t\t<\/div>\n\t\t<\/section>\n\t\t\t\t\t<\/div>\n\t\t<\/div>\n\t\t\t\t\t<\/div>\n\t\t<\/section>\n\t\t\t\t<\/div>\n\t\t","protected":false},"excerpt":{"rendered":"<p>NIZ-FENIX d.o.o. je kompanija osnovana 1992, kao kompanija koja se bavi pru\u017eanjem usluga<br \/>\n<br \/>\n<a href=\"https:\/\/web-sme-csp.com\/serbia\/profesionalna-pomoc-u-transportu\/?lang=sr\" class=\"elementor-button cust-button\" role=\"button\">\u041e\u043f\u0448\u0438\u0440\u043d\u0438\u0458\u0435<\/a><a href=\"https:\/\/web-sme-csp.com\/serbia\/wp-content\/uploads\/sites\/8\/2020\/06\/WEB-Serbia-SUCCESS-Niz-Fenix-SRB.pdf\" class=\"elementor-button cust-button\" role=\"button\">Preuzimanja<\/a><\/p>\n","protected":false},"author":1,"featured_media":369,"comment_status":"open","ping_status":"open","sticky":false,"template":"elementor_header_footer","format":"standard","meta":{"footnotes":""},"categories":[6],"tags":[],"class_list":["post-389","post","type-post","status-publish","format-standard","has-post-thumbnail","hentry","category-success-storys"],"yoast_head":"<!-- This site is optimized with the Yoast SEO plugin v27.5 - https:\/\/yoast.com\/product\/yoast-seo-wordpress\/ -->\n<title>PROFESIONALNA POMO\u0106 U TRANSPORTU - web-sme-csp.com Serbia<\/title>\n<meta name=\"robots\" content=\"index, follow, max-snippet:-1, max-image-preview:large, max-video-preview:-1\" \/>\n<link rel=\"canonical\" href=\"https:\/\/web-sme-csp.com\/serbia\/profesionalna-pomoc-u-transportu\/?lang=sr\" \/>\n<meta property=\"og:locale\" content=\"sr_RS\" \/>\n<meta property=\"og:type\" content=\"article\" \/>\n<meta property=\"og:title\" content=\"PROFESIONALNA POMO\u0106 U TRANSPORTU - web-sme-csp.com Serbia\" \/>\n<meta property=\"og:description\" content=\"NIZ-FENIX d.o.o. je kompanija osnovana 1992, kao kompanija koja se bavi pru\u017eanjem usluga \u041e\u043f\u0448\u0438\u0440\u043d\u0438\u0458\u0435Preuzimanja\" \/>\n<meta property=\"og:url\" content=\"https:\/\/web-sme-csp.com\/serbia\/profesionalna-pomoc-u-transportu\/?lang=sr\" \/>\n<meta property=\"og:site_name\" content=\"web-sme-csp.com Serbia\" \/>\n<meta property=\"article:publisher\" content=\"https:\/\/www.facebook.com\/Program-Za-Poveanje-Konkurentnosti-MSP-117944216282301\/?modal=admin_todo_tour\" \/>\n<meta property=\"article:published_time\" content=\"2020-06-24T09:58:31+00:00\" \/>\n<meta property=\"article:modified_time\" content=\"2020-07-17T13:11:13+00:00\" \/>\n<meta property=\"og:image\" content=\"https:\/\/web-sme-csp.com\/serbia\/wp-content\/uploads\/sites\/8\/2020\/06\/pomoc-768x1024.png\" \/>\n\t<meta property=\"og:image:width\" content=\"768\" \/>\n\t<meta property=\"og:image:height\" content=\"1024\" \/>\n\t<meta property=\"og:image:type\" content=\"image\/png\" \/>\n<meta name=\"author\" content=\"admin\" \/>\n<meta name=\"twitter:card\" content=\"summary_large_image\" \/>\n<meta name=\"twitter:label1\" content=\"\u041d\u0430\u043f\u0438\u0441\u0430\u043d\u043e \u043e\u0434\" \/>\n\t<meta name=\"twitter:data1\" content=\"admin\" \/>\n\t<meta name=\"twitter:label2\" content=\"\u041f\u0440\u043e\u0446\u0435\u045a\u0435\u043d\u043e \u0432\u0440\u0435\u043c\u0435 \u0447\u0438\u0442\u0430\u045a\u0430\" \/>\n\t<meta name=\"twitter:data2\" content=\"1 \u043c\u0438\u043d\u0443\u0442\" \/>\n<script type=\"application\/ld+json\" class=\"yoast-schema-graph\">{\"@context\":\"https:\\\/\\\/schema.org\",\"@graph\":[{\"@type\":\"Article\",\"@id\":\"https:\\\/\\\/web-sme-csp.com\\\/serbia\\\/profesionalna-pomoc-u-transportu\\\/?lang=sr#article\",\"isPartOf\":{\"@id\":\"https:\\\/\\\/web-sme-csp.com\\\/serbia\\\/profesionalna-pomoc-u-transportu\\\/?lang=sr\"},\"author\":{\"name\":\"admin\",\"@id\":\"https:\\\/\\\/web-sme-csp.com\\\/serbia\\\/#\\\/schema\\\/person\\\/ccff2b6822231caadaca866c7bf28a76\"},\"headline\":\"PROFESIONALNA POMO\u0106 U TRANSPORTU\",\"datePublished\":\"2020-06-24T09:58:31+00:00\",\"dateModified\":\"2020-07-17T13:11:13+00:00\",\"mainEntityOfPage\":{\"@id\":\"https:\\\/\\\/web-sme-csp.com\\\/serbia\\\/profesionalna-pomoc-u-transportu\\\/?lang=sr\"},\"wordCount\":303,\"commentCount\":0,\"image\":{\"@id\":\"https:\\\/\\\/web-sme-csp.com\\\/serbia\\\/profesionalna-pomoc-u-transportu\\\/?lang=sr#primaryimage\"},\"thumbnailUrl\":\"https:\\\/\\\/web-sme-csp.com\\\/serbia\\\/wp-content\\\/uploads\\\/sites\\\/8\\\/2020\\\/06\\\/pomoc.png\",\"articleSection\":[\"Success Storys\"],\"inLanguage\":\"sr-RS\",\"potentialAction\":[{\"@type\":\"CommentAction\",\"name\":\"Comment\",\"target\":[\"https:\\\/\\\/web-sme-csp.com\\\/serbia\\\/profesionalna-pomoc-u-transportu\\\/?lang=sr#respond\"]}]},{\"@type\":\"WebPage\",\"@id\":\"https:\\\/\\\/web-sme-csp.com\\\/serbia\\\/profesionalna-pomoc-u-transportu\\\/?lang=sr\",\"url\":\"https:\\\/\\\/web-sme-csp.com\\\/serbia\\\/profesionalna-pomoc-u-transportu\\\/?lang=sr\",\"name\":\"PROFESIONALNA POMO\u0106 U TRANSPORTU - web-sme-csp.com Serbia\",\"isPartOf\":{\"@id\":\"https:\\\/\\\/web-sme-csp.com\\\/serbia\\\/#website\"},\"primaryImageOfPage\":{\"@id\":\"https:\\\/\\\/web-sme-csp.com\\\/serbia\\\/profesionalna-pomoc-u-transportu\\\/?lang=sr#primaryimage\"},\"image\":{\"@id\":\"https:\\\/\\\/web-sme-csp.com\\\/serbia\\\/profesionalna-pomoc-u-transportu\\\/?lang=sr#primaryimage\"},\"thumbnailUrl\":\"https:\\\/\\\/web-sme-csp.com\\\/serbia\\\/wp-content\\\/uploads\\\/sites\\\/8\\\/2020\\\/06\\\/pomoc.png\",\"datePublished\":\"2020-06-24T09:58:31+00:00\",\"dateModified\":\"2020-07-17T13:11:13+00:00\",\"author\":{\"@id\":\"https:\\\/\\\/web-sme-csp.com\\\/serbia\\\/#\\\/schema\\\/person\\\/ccff2b6822231caadaca866c7bf28a76\"},\"breadcrumb\":{\"@id\":\"https:\\\/\\\/web-sme-csp.com\\\/serbia\\\/profesionalna-pomoc-u-transportu\\\/?lang=sr#breadcrumb\"},\"inLanguage\":\"sr-RS\",\"potentialAction\":[{\"@type\":\"ReadAction\",\"target\":[\"https:\\\/\\\/web-sme-csp.com\\\/serbia\\\/profesionalna-pomoc-u-transportu\\\/?lang=sr\"]}]},{\"@type\":\"ImageObject\",\"inLanguage\":\"sr-RS\",\"@id\":\"https:\\\/\\\/web-sme-csp.com\\\/serbia\\\/profesionalna-pomoc-u-transportu\\\/?lang=sr#primaryimage\",\"url\":\"https:\\\/\\\/web-sme-csp.com\\\/serbia\\\/wp-content\\\/uploads\\\/sites\\\/8\\\/2020\\\/06\\\/pomoc.png\",\"contentUrl\":\"https:\\\/\\\/web-sme-csp.com\\\/serbia\\\/wp-content\\\/uploads\\\/sites\\\/8\\\/2020\\\/06\\\/pomoc.png\",\"width\":1200,\"height\":1600},{\"@type\":\"BreadcrumbList\",\"@id\":\"https:\\\/\\\/web-sme-csp.com\\\/serbia\\\/profesionalna-pomoc-u-transportu\\\/?lang=sr#breadcrumb\",\"itemListElement\":[{\"@type\":\"ListItem\",\"position\":1,\"name\":\"Home\",\"item\":\"https:\\\/\\\/web-sme-csp.com\\\/serbia\\\/?lang=sr\"},{\"@type\":\"ListItem\",\"position\":2,\"name\":\"PROFESIONALNA POMO\u0106 U TRANSPORTU\"}]},{\"@type\":\"WebSite\",\"@id\":\"https:\\\/\\\/web-sme-csp.com\\\/serbia\\\/#website\",\"url\":\"https:\\\/\\\/web-sme-csp.com\\\/serbia\\\/\",\"name\":\"web-sme-csp.com Serbia\",\"description\":\"Serbia\",\"potentialAction\":[{\"@type\":\"SearchAction\",\"target\":{\"@type\":\"EntryPoint\",\"urlTemplate\":\"https:\\\/\\\/web-sme-csp.com\\\/serbia\\\/?s={search_term_string}\"},\"query-input\":{\"@type\":\"PropertyValueSpecification\",\"valueRequired\":true,\"valueName\":\"search_term_string\"}}],\"inLanguage\":\"sr-RS\"},{\"@type\":\"Person\",\"@id\":\"https:\\\/\\\/web-sme-csp.com\\\/serbia\\\/#\\\/schema\\\/person\\\/ccff2b6822231caadaca866c7bf28a76\",\"name\":\"admin\",\"image\":{\"@type\":\"ImageObject\",\"inLanguage\":\"sr-RS\",\"@id\":\"https:\\\/\\\/secure.gravatar.com\\\/avatar\\\/ab83f7ac52a92742f8915b650aae5f0b625bf3bf2a075d99817152c012d020bb?s=96&d=mm&r=g\",\"url\":\"https:\\\/\\\/secure.gravatar.com\\\/avatar\\\/ab83f7ac52a92742f8915b650aae5f0b625bf3bf2a075d99817152c012d020bb?s=96&d=mm&r=g\",\"contentUrl\":\"https:\\\/\\\/secure.gravatar.com\\\/avatar\\\/ab83f7ac52a92742f8915b650aae5f0b625bf3bf2a075d99817152c012d020bb?s=96&d=mm&r=g\",\"caption\":\"admin\"},\"url\":\"https:\\\/\\\/web-sme-csp.com\\\/serbia\\\/sr\\\/author\\\/server_ph8150u1\\\/\"}]}<\/script>\n<!-- \/ Yoast SEO plugin. -->","yoast_head_json":{"title":"PROFESIONALNA POMO\u0106 U TRANSPORTU - web-sme-csp.com Serbia","robots":{"index":"index","follow":"follow","max-snippet":"max-snippet:-1","max-image-preview":"max-image-preview:large","max-video-preview":"max-video-preview:-1"},"canonical":"https:\/\/web-sme-csp.com\/serbia\/profesionalna-pomoc-u-transportu\/?lang=sr","og_locale":"sr_RS","og_type":"article","og_title":"PROFESIONALNA POMO\u0106 U TRANSPORTU - web-sme-csp.com Serbia","og_description":"NIZ-FENIX d.o.o. je kompanija osnovana 1992, kao kompanija koja se bavi pru\u017eanjem usluga \u041e\u043f\u0448\u0438\u0440\u043d\u0438\u0458\u0435Preuzimanja","og_url":"https:\/\/web-sme-csp.com\/serbia\/profesionalna-pomoc-u-transportu\/?lang=sr","og_site_name":"web-sme-csp.com Serbia","article_publisher":"https:\/\/www.facebook.com\/Program-Za-Poveanje-Konkurentnosti-MSP-117944216282301\/?modal=admin_todo_tour","article_published_time":"2020-06-24T09:58:31+00:00","article_modified_time":"2020-07-17T13:11:13+00:00","og_image":[{"width":768,"height":1024,"url":"https:\/\/web-sme-csp.com\/serbia\/wp-content\/uploads\/sites\/8\/2020\/06\/pomoc-768x1024.png","type":"image\/png"}],"author":"admin","twitter_card":"summary_large_image","twitter_misc":{"\u041d\u0430\u043f\u0438\u0441\u0430\u043d\u043e \u043e\u0434":"admin","\u041f\u0440\u043e\u0446\u0435\u045a\u0435\u043d\u043e \u0432\u0440\u0435\u043c\u0435 \u0447\u0438\u0442\u0430\u045a\u0430":"1 \u043c\u0438\u043d\u0443\u0442"},"schema":{"@context":"https:\/\/schema.org","@graph":[{"@type":"Article","@id":"https:\/\/web-sme-csp.com\/serbia\/profesionalna-pomoc-u-transportu\/?lang=sr#article","isPartOf":{"@id":"https:\/\/web-sme-csp.com\/serbia\/profesionalna-pomoc-u-transportu\/?lang=sr"},"author":{"name":"admin","@id":"https:\/\/web-sme-csp.com\/serbia\/#\/schema\/person\/ccff2b6822231caadaca866c7bf28a76"},"headline":"PROFESIONALNA POMO\u0106 U TRANSPORTU","datePublished":"2020-06-24T09:58:31+00:00","dateModified":"2020-07-17T13:11:13+00:00","mainEntityOfPage":{"@id":"https:\/\/web-sme-csp.com\/serbia\/profesionalna-pomoc-u-transportu\/?lang=sr"},"wordCount":303,"commentCount":0,"image":{"@id":"https:\/\/web-sme-csp.com\/serbia\/profesionalna-pomoc-u-transportu\/?lang=sr#primaryimage"},"thumbnailUrl":"https:\/\/web-sme-csp.com\/serbia\/wp-content\/uploads\/sites\/8\/2020\/06\/pomoc.png","articleSection":["Success Storys"],"inLanguage":"sr-RS","potentialAction":[{"@type":"CommentAction","name":"Comment","target":["https:\/\/web-sme-csp.com\/serbia\/profesionalna-pomoc-u-transportu\/?lang=sr#respond"]}]},{"@type":"WebPage","@id":"https:\/\/web-sme-csp.com\/serbia\/profesionalna-pomoc-u-transportu\/?lang=sr","url":"https:\/\/web-sme-csp.com\/serbia\/profesionalna-pomoc-u-transportu\/?lang=sr","name":"PROFESIONALNA POMO\u0106 U TRANSPORTU - web-sme-csp.com Serbia","isPartOf":{"@id":"https:\/\/web-sme-csp.com\/serbia\/#website"},"primaryImageOfPage":{"@id":"https:\/\/web-sme-csp.com\/serbia\/profesionalna-pomoc-u-transportu\/?lang=sr#primaryimage"},"image":{"@id":"https:\/\/web-sme-csp.com\/serbia\/profesionalna-pomoc-u-transportu\/?lang=sr#primaryimage"},"thumbnailUrl":"https:\/\/web-sme-csp.com\/serbia\/wp-content\/uploads\/sites\/8\/2020\/06\/pomoc.png","datePublished":"2020-06-24T09:58:31+00:00","dateModified":"2020-07-17T13:11:13+00:00","author":{"@id":"https:\/\/web-sme-csp.com\/serbia\/#\/schema\/person\/ccff2b6822231caadaca866c7bf28a76"},"breadcrumb":{"@id":"https:\/\/web-sme-csp.com\/serbia\/profesionalna-pomoc-u-transportu\/?lang=sr#breadcrumb"},"inLanguage":"sr-RS","potentialAction":[{"@type":"ReadAction","target":["https:\/\/web-sme-csp.com\/serbia\/profesionalna-pomoc-u-transportu\/?lang=sr"]}]},{"@type":"ImageObject","inLanguage":"sr-RS","@id":"https:\/\/web-sme-csp.com\/serbia\/profesionalna-pomoc-u-transportu\/?lang=sr#primaryimage","url":"https:\/\/web-sme-csp.com\/serbia\/wp-content\/uploads\/sites\/8\/2020\/06\/pomoc.png","contentUrl":"https:\/\/web-sme-csp.com\/serbia\/wp-content\/uploads\/sites\/8\/2020\/06\/pomoc.png","width":1200,"height":1600},{"@type":"BreadcrumbList","@id":"https:\/\/web-sme-csp.com\/serbia\/profesionalna-pomoc-u-transportu\/?lang=sr#breadcrumb","itemListElement":[{"@type":"ListItem","position":1,"name":"Home","item":"https:\/\/web-sme-csp.com\/serbia\/?lang=sr"},{"@type":"ListItem","position":2,"name":"PROFESIONALNA POMO\u0106 U TRANSPORTU"}]},{"@type":"WebSite","@id":"https:\/\/web-sme-csp.com\/serbia\/#website","url":"https:\/\/web-sme-csp.com\/serbia\/","name":"web-sme-csp.com Serbia","description":"Serbia","potentialAction":[{"@type":"SearchAction","target":{"@type":"EntryPoint","urlTemplate":"https:\/\/web-sme-csp.com\/serbia\/?s={search_term_string}"},"query-input":{"@type":"PropertyValueSpecification","valueRequired":true,"valueName":"search_term_string"}}],"inLanguage":"sr-RS"},{"@type":"Person","@id":"https:\/\/web-sme-csp.com\/serbia\/#\/schema\/person\/ccff2b6822231caadaca866c7bf28a76","name":"admin","image":{"@type":"ImageObject","inLanguage":"sr-RS","@id":"https:\/\/secure.gravatar.com\/avatar\/ab83f7ac52a92742f8915b650aae5f0b625bf3bf2a075d99817152c012d020bb?s=96&d=mm&r=g","url":"https:\/\/secure.gravatar.com\/avatar\/ab83f7ac52a92742f8915b650aae5f0b625bf3bf2a075d99817152c012d020bb?s=96&d=mm&r=g","contentUrl":"https:\/\/secure.gravatar.com\/avatar\/ab83f7ac52a92742f8915b650aae5f0b625bf3bf2a075d99817152c012d020bb?s=96&d=mm&r=g","caption":"admin"},"url":"https:\/\/web-sme-csp.com\/serbia\/sr\/author\/server_ph8150u1\/"}]}},"_links":{"self":[{"href":"https:\/\/web-sme-csp.com\/serbia\/sr\/wp-json\/wp\/v2\/posts\/389","targetHints":{"allow":["GET"]}}],"collection":[{"href":"https:\/\/web-sme-csp.com\/serbia\/sr\/wp-json\/wp\/v2\/posts"}],"about":[{"href":"https:\/\/web-sme-csp.com\/serbia\/sr\/wp-json\/wp\/v2\/types\/post"}],"author":[{"embeddable":true,"href":"https:\/\/web-sme-csp.com\/serbia\/sr\/wp-json\/wp\/v2\/users\/1"}],"replies":[{"embeddable":true,"href":"https:\/\/web-sme-csp.com\/serbia\/sr\/wp-json\/wp\/v2\/comments?post=389"}],"version-history":[{"count":4,"href":"https:\/\/web-sme-csp.com\/serbia\/sr\/wp-json\/wp\/v2\/posts\/389\/revisions"}],"predecessor-version":[{"id":445,"href":"https:\/\/web-sme-csp.com\/serbia\/sr\/wp-json\/wp\/v2\/posts\/389\/revisions\/445"}],"wp:featuredmedia":[{"embeddable":true,"href":"https:\/\/web-sme-csp.com\/serbia\/sr\/wp-json\/wp\/v2\/media\/369"}],"wp:attachment":[{"href":"https:\/\/web-sme-csp.com\/serbia\/sr\/wp-json\/wp\/v2\/media?parent=389"}],"wp:term":[{"taxonomy":"category","embeddable":true,"href":"https:\/\/web-sme-csp.com\/serbia\/sr\/wp-json\/wp\/v2\/categories?post=389"},{"taxonomy":"post_tag","embeddable":true,"href":"https:\/\/web-sme-csp.com\/serbia\/sr\/wp-json\/wp\/v2\/tags?post=389"}],"curies":[{"name":"wp","href":"https:\/\/api.w.org\/{rel}","templated":true}]}}