{"id":1731,"date":"2024-06-04T09:16:00","date_gmt":"2024-06-04T09:16:00","guid":{"rendered":"https:\/\/web-sme-csp.com\/serbia\/?p=1731"},"modified":"2024-06-04T09:29:25","modified_gmt":"2024-06-04T09:29:25","slug":"zamrznuto-voce-za-evropu","status":"publish","type":"post","link":"https:\/\/web-sme-csp.com\/serbia\/sr\/zamrznuto-voce-za-evropu\/","title":{"rendered":"ZAMRZNUTO VO\u0106E ZA EVROPU"},"content":{"rendered":"\t\t<div data-elementor-type=\"wp-post\" data-elementor-id=\"1731\" class=\"elementor elementor-1731\" data-elementor-post-type=\"post\">\n\t\t\t\t\t\t<section class=\"elementor-section elementor-top-section elementor-element elementor-element-2578ba5 elementor-section-full_width elementor-section-height-default elementor-section-height-default\" data-id=\"2578ba5\" data-element_type=\"section\" data-e-type=\"section\">\n\t\t\t\t\t\t<div class=\"elementor-container elementor-column-gap-no\">\n\t\t\t\t\t<div class=\"elementor-column elementor-col-100 elementor-top-column elementor-element elementor-element-fa49b12\" data-id=\"fa49b12\" data-element_type=\"column\" data-e-type=\"column\">\n\t\t\t<div class=\"elementor-widget-wrap elementor-element-populated\">\n\t\t\t\t\t\t<div class=\"elementor-element elementor-element-dbd05e0 elementor-skin-carousel elementor-widget elementor-widget-media-carousel\" data-id=\"dbd05e0\" data-element_type=\"widget\" data-e-type=\"widget\" data-settings=\"{&quot;space_between&quot;:{&quot;unit&quot;:&quot;px&quot;,&quot;size&quot;:0,&quot;sizes&quot;:[]},&quot;skin&quot;:&quot;carousel&quot;,&quot;effect&quot;:&quot;slide&quot;,&quot;speed&quot;:500,&quot;autoplay&quot;:&quot;yes&quot;,&quot;autoplay_speed&quot;:5000,&quot;loop&quot;:&quot;yes&quot;,&quot;pause_on_hover&quot;:&quot;yes&quot;,&quot;pause_on_interaction&quot;:&quot;yes&quot;,&quot;space_between_tablet&quot;:{&quot;unit&quot;:&quot;px&quot;,&quot;size&quot;:10,&quot;sizes&quot;:[]},&quot;space_between_mobile&quot;:{&quot;unit&quot;:&quot;px&quot;,&quot;size&quot;:10,&quot;sizes&quot;:[]}}\" data-widget_type=\"media-carousel.default\">\n\t\t\t\t<div class=\"elementor-widget-container\">\n\t\t\t\t\t\t\t\t\t<div class=\"elementor-swiper\">\n\t\t\t\t\t<div class=\"elementor-main-swiper swiper\" role=\"region\" aria-roledescription=\"carousel\" aria-label=\"Slides\">\n\t\t\t\t<div class=\"swiper-wrapper\">\n\t\t\t\t\t\t\t\t\t\t\t<div class=\"swiper-slide\" role=\"group\" aria-roledescription=\"slide\">\n\t\t\t\t\t\t\t\t\t<div class=\"elementor-carousel-image\" role=\"img\" aria-label=\"Technology Selector\" style=\"background-image: url(&#039;https:\/\/westernbalkan.ybm.eu\/kosovo\/wp-content\/uploads\/sites\/3\/2019\/03\/395129-PCH2M7-589-e1552605691578.jpg&#039;)\">\n\n\t\t\t\n\t\t\t\t\t<\/div>\n\t\t\t\t\t\t\t\t<\/div>\n\t\t\t\t\t\t\t\t\t<\/div>\n\t\t\t\t\t\t\t<\/div>\n\t\t\t\t<\/div>\n\t\t\t\t\t\t\t\t<\/div>\n\t\t\t\t<\/div>\n\t\t\t\t\t<\/div>\n\t\t<\/div>\n\t\t\t\t\t<\/div>\n\t\t<\/section>\n\t\t\t\t<section class=\"elementor-section elementor-top-section elementor-element elementor-element-47a7615 elementor-section-content-middle elementor-section-boxed elementor-section-height-default elementor-section-height-default\" data-id=\"47a7615\" data-element_type=\"section\" data-e-type=\"section\" data-settings=\"{&quot;background_background&quot;:&quot;classic&quot;}\">\n\t\t\t\t\t\t<div class=\"elementor-container elementor-column-gap-default\">\n\t\t\t\t\t<div class=\"elementor-column elementor-col-100 elementor-top-column elementor-element elementor-element-6288590\" data-id=\"6288590\" data-element_type=\"column\" data-e-type=\"column\" data-settings=\"{&quot;background_background&quot;:&quot;classic&quot;}\">\n\t\t\t<div class=\"elementor-widget-wrap elementor-element-populated\">\n\t\t\t\t\t\t<div class=\"elementor-element elementor-element-ec3f199 elementor-widget elementor-widget-heading\" data-id=\"ec3f199\" data-element_type=\"widget\" data-e-type=\"widget\" data-widget_type=\"heading.default\">\n\t\t\t\t<div class=\"elementor-widget-container\">\n\t\t\t\t\t<h1 class=\"elementor-heading-title elementor-size-default\">ZAMRZNUTO VO\u0106E ZA EVROPU<\/h1>\t\t\t\t<\/div>\n\t\t\t\t<\/div>\n\t\t\t\t\t<\/div>\n\t\t<\/div>\n\t\t\t\t\t<\/div>\n\t\t<\/section>\n\t\t\t\t<section class=\"elementor-section elementor-top-section elementor-element elementor-element-670bc86 elementor-section-boxed elementor-section-height-default elementor-section-height-default\" data-id=\"670bc86\" data-element_type=\"section\" data-e-type=\"section\">\n\t\t\t\t\t\t<div class=\"elementor-container elementor-column-gap-default\">\n\t\t\t\t\t<div class=\"elementor-column elementor-col-50 elementor-top-column elementor-element elementor-element-583c738\" data-id=\"583c738\" data-element_type=\"column\" data-e-type=\"column\">\n\t\t\t<div class=\"elementor-widget-wrap elementor-element-populated\">\n\t\t\t\t\t\t<div class=\"elementor-element elementor-element-0f38f26 elementor-widget elementor-widget-text-editor\" data-id=\"0f38f26\" data-element_type=\"widget\" data-e-type=\"widget\" data-widget_type=\"text-editor.default\">\n\t\t\t\t<div class=\"elementor-widget-container\">\n\t\t\t\t\t\t\t\t\t<p>Budim Grad doo je porodi\u010dna kompanija osnovana 1992. koja se bavi otkupom sve\u017eeg vo\u0107a i preradom istog u visokokvalitetno zamrznuto vo\u0107e, od kojeg se 70-80% izvozi u Nema\u010dku, Austriju, Francusku, Belgiju i druge zemlje. Sa svoja 64 stalno zaposlena radnika i kapacitetom prerade od 3.500 tona u kombinaciji sa istovremenim skladi\u0161tenjem, kompanija godi\u0161nje izveze 5.000 tona razli\u010ditih vrsta vo\u0107a. Najva\u017eniji trgovinski partner kompanije u Srbiji je Lidl.<\/p><p>Kompanija je pratila sna\u017enu orijentaciju ka evropskom tr\u017ei\u0161tu, te je stekla HACCP i ISO 9001 sertifikat 2006. godine, i Organic sertifikat 2015. godine za proizvodnju maline, kupine, \u0161ljive, suve \u0161ljive, divlje kupine i zove.<\/p><p>Budim Grad ima svoje planta\u017ee malina od 11ha i kupina od 12ha, \u0161to ga \u010dini regionalnim liderom u proizvodnji ovog vo\u0107a.<\/p><p>Kako bi smanjila uticaj svojih energetski intenzivnih procesa na okolinu, pove\u0107ala svoju konkurentnost i unapredila sigurnost snabdevanja energijom, kompanija je investirala u solarnu elektranu, koja je instalirana na krovovima fabrike. Solarna elektrana ima ukupno instalirani kapacitet od 412,2 kWp i kreirana je da godi\u0161nje proizvede oko 384,0 MWh elektri\u010dne energije. Elektri\u010dna energija proizvedena u solarnoj elektrani zamenjuje energiju kupljenu sa mre\u017ee, smanjuju\u0107i tro\u0161kove za struju i odgovaraju\u0107u emisiju CO2.<\/p><p>Nakon uspe\u0161ne verifikacije projekta, Budim Grad je primio povrat od 15% grant sredstava, finansiranih od strane Evropske unije. Sa investicijom, kompanija sada ispunjava \u0161irok spektar standarda, uklju\u010duju\u0107i:\u00a0<\/p><ul><li>Direktivu 2018\/2001 EU o promociji kori\u0161\u0107enja energije iz obnovljivih izvora (preina\u010denje)<\/li><\/ul><p>\u00a0<\/p><p>Direktivu 2014\/35\/EU koja se odnosi na stavljanje na tr\u017ei\u0161te elektri\u010dne opreme dizajnirane za upotrebu unutar odre\u0111enih granica volta\u017ee<\/p>\t\t\t\t\t\t\t\t<\/div>\n\t\t\t\t<\/div>\n\t\t\t\t\t<\/div>\n\t\t<\/div>\n\t\t\t\t<div class=\"elementor-column elementor-col-50 elementor-top-column elementor-element elementor-element-9342b78\" data-id=\"9342b78\" data-element_type=\"column\" data-e-type=\"column\">\n\t\t\t<div class=\"elementor-widget-wrap elementor-element-populated\">\n\t\t\t\t\t\t<div class=\"elementor-element elementor-element-c7e16ab elementor-widget elementor-widget-image\" data-id=\"c7e16ab\" data-element_type=\"widget\" data-e-type=\"widget\" data-widget_type=\"image.default\">\n\t\t\t\t<div class=\"elementor-widget-container\">\n\t\t\t\t\t\t\t\t\t\t\t\t\t\t\t<img fetchpriority=\"high\" decoding=\"async\" width=\"381\" height=\"304\" src=\"https:\/\/web-sme-csp.com\/serbia\/wp-content\/uploads\/sites\/8\/2024\/06\/solar.png\" class=\"attachment-large size-large wp-image-1661\" alt=\"\" srcset=\"https:\/\/web-sme-csp.com\/serbia\/wp-content\/uploads\/sites\/8\/2024\/06\/solar.png 381w, https:\/\/web-sme-csp.com\/serbia\/wp-content\/uploads\/sites\/8\/2024\/06\/solar-300x239.png 300w\" sizes=\"(max-width: 381px) 100vw, 381px\" \/>\t\t\t\t\t\t\t\t\t\t\t\t\t\t\t<\/div>\n\t\t\t\t<\/div>\n\t\t\t\t<div class=\"elementor-element elementor-element-f081714 elementor-widget elementor-widget-image\" data-id=\"f081714\" data-element_type=\"widget\" data-e-type=\"widget\" data-widget_type=\"image.default\">\n\t\t\t\t<div class=\"elementor-widget-container\">\n\t\t\t\t\t\t\t\t\t\t\t\t\t\t\t<img decoding=\"async\" width=\"184\" height=\"123\" src=\"https:\/\/web-sme-csp.com\/serbia\/wp-content\/uploads\/sites\/8\/2024\/06\/fruits.jpg\" class=\"attachment-medium size-medium wp-image-1662\" alt=\"\" \/>\t\t\t\t\t\t\t\t\t\t\t\t\t\t\t<\/div>\n\t\t\t\t<\/div>\n\t\t\t\t<div class=\"elementor-element elementor-element-d8fe55d elementor-widget elementor-widget-text-editor\" data-id=\"d8fe55d\" data-element_type=\"widget\" data-e-type=\"widget\" data-widget_type=\"text-editor.default\">\n\t\t\t\t<div class=\"elementor-widget-container\">\n\t\t\t\t\t\t\t\t\t<table>\n<tbody>\n<tr>\n<td width=\"92\"><strong>Iznos kredita<\/strong><\/td>\n<td width=\"138\"><strong>\u20ac 207,750<\/strong><\/td>\n<\/tr>\n<tr>\n<td width=\"92\"><strong>Iznos granta<\/strong><\/td>\n<td width=\"138\"><strong>\u20ac 31,162<\/strong><\/td>\n<\/tr>\n<tr>\n<td width=\"92\"><strong>Ispunjene EU direktive<\/strong><\/td>\n<td width=\"138\"><strong>Direktive iz oblasti obnovljive energije i elektri\u010dne opreme<\/strong><\/td>\n<\/tr>\n<tr>\n<td width=\"92\"><strong style=\"font-family: inherit; font-size: inherit;\">Investirano u<\/strong><strong><strong>\n<\/strong><\/strong>\n<strong>\u00a0<\/strong><\/td>\n<td width=\"138\"><strong>Solarni energetski sistem<\/strong><\/td>\n<\/tr>\n<tr>\n<td><strong>U\u0161teda energije i smanjenje emisije gasova sa efektom staklene ba\u0161te<\/strong><\/td>\n<td>\n<strong>886.9 MWh\/godi\u0161nje<\/strong>\n<strong>280.3 t CO2\/godi\u0161nje<\/strong><\/td>\n<\/tr>\n<\/tbody>\n<\/table>\n&nbsp;\t\t\t\t\t\t\t\t<\/div>\n\t\t\t\t<\/div>\n\t\t\t\t\t<\/div>\n\t\t<\/div>\n\t\t\t\t\t<\/div>\n\t\t<\/section>\n\t\t\t\t<\/div>\n\t\t","protected":false},"excerpt":{"rendered":"<p>Budim Grad doo je porodi\u010dna kompanija osnovana 1992. koja se bavi otkupom sve\u017eeg vo\u0107a i preradom istog u visokokvalitetno zamrznuto vo\u0107e<br \/>\n<br \/>\n<a href=\"\/serbia\/sr\/zamrznuto-voce-za-evropu\/\" class=\"elementor-button cust-button\" role=\"button\">\u041e\u043f\u0448\u0438\u0440\u043d\u0438\u0458\u0435<\/a><a href=\"\/serbia\/wp-content\/uploads\/sites\/8\/2024\/06\/WEB-SMR-CSP-Serbia-SUCCESS-Budim-Grad-SRB.pdf\" class=\"elementor-button cust-button\" role=\"button\">Preuzimanja<\/a><\/p>\n","protected":false},"author":1,"featured_media":1661,"comment_status":"closed","ping_status":"closed","sticky":false,"template":"","format":"standard","meta":{"footnotes":""},"categories":[6],"tags":[],"class_list":["post-1731","post","type-post","status-publish","format-standard","has-post-thumbnail","hentry","category-success-storys"],"yoast_head":"<!-- This site is optimized with the Yoast SEO plugin v27.5 - https:\/\/yoast.com\/product\/yoast-seo-wordpress\/ -->\n<title>ZAMRZNUTO VO\u0106E ZA EVROPU - web-sme-csp.com Serbia<\/title>\n<meta name=\"robots\" content=\"index, follow, max-snippet:-1, max-image-preview:large, max-video-preview:-1\" \/>\n<link rel=\"canonical\" href=\"https:\/\/web-sme-csp.com\/serbia\/sr\/zamrznuto-voce-za-evropu\/\" \/>\n<meta property=\"og:locale\" content=\"sr_RS\" \/>\n<meta property=\"og:type\" content=\"article\" \/>\n<meta property=\"og:title\" content=\"ZAMRZNUTO VO\u0106E ZA EVROPU - web-sme-csp.com Serbia\" \/>\n<meta property=\"og:description\" content=\"Budim Grad doo je porodi\u010dna kompanija osnovana 1992. koja se bavi otkupom sve\u017eeg vo\u0107a i preradom istog u visokokvalitetno zamrznuto vo\u0107e \u041e\u043f\u0448\u0438\u0440\u043d\u0438\u0458\u0435Preuzimanja\" \/>\n<meta property=\"og:url\" content=\"https:\/\/web-sme-csp.com\/serbia\/sr\/zamrznuto-voce-za-evropu\/\" \/>\n<meta property=\"og:site_name\" content=\"web-sme-csp.com Serbia\" \/>\n<meta property=\"article:publisher\" content=\"https:\/\/www.facebook.com\/Program-Za-Poveanje-Konkurentnosti-MSP-117944216282301\/?modal=admin_todo_tour\" \/>\n<meta property=\"article:published_time\" content=\"2024-06-04T09:16:00+00:00\" \/>\n<meta property=\"article:modified_time\" content=\"2024-06-04T09:29:25+00:00\" \/>\n<meta property=\"og:image\" content=\"https:\/\/web-sme-csp.com\/serbia\/wp-content\/uploads\/sites\/8\/2024\/06\/solar.png\" \/>\n\t<meta property=\"og:image:width\" content=\"381\" \/>\n\t<meta property=\"og:image:height\" content=\"304\" \/>\n\t<meta property=\"og:image:type\" content=\"image\/png\" \/>\n<meta name=\"author\" content=\"admin\" \/>\n<meta name=\"twitter:card\" content=\"summary_large_image\" \/>\n<meta name=\"twitter:label1\" content=\"\u041d\u0430\u043f\u0438\u0441\u0430\u043d\u043e \u043e\u0434\" \/>\n\t<meta name=\"twitter:data1\" content=\"admin\" \/>\n\t<meta name=\"twitter:label2\" content=\"\u041f\u0440\u043e\u0446\u0435\u045a\u0435\u043d\u043e \u0432\u0440\u0435\u043c\u0435 \u0447\u0438\u0442\u0430\u045a\u0430\" \/>\n\t<meta name=\"twitter:data2\" content=\"2 \u043c\u0438\u043d\u0443\u0442\u0430\" \/>\n<script type=\"application\/ld+json\" class=\"yoast-schema-graph\">{\"@context\":\"https:\\\/\\\/schema.org\",\"@graph\":[{\"@type\":\"Article\",\"@id\":\"https:\\\/\\\/web-sme-csp.com\\\/serbia\\\/sr\\\/zamrznuto-voce-za-evropu\\\/#article\",\"isPartOf\":{\"@id\":\"https:\\\/\\\/web-sme-csp.com\\\/serbia\\\/sr\\\/zamrznuto-voce-za-evropu\\\/\"},\"author\":{\"name\":\"admin\",\"@id\":\"https:\\\/\\\/web-sme-csp.com\\\/serbia\\\/#\\\/schema\\\/person\\\/ccff2b6822231caadaca866c7bf28a76\"},\"headline\":\"ZAMRZNUTO VO\u0106E ZA EVROPU\",\"datePublished\":\"2024-06-04T09:16:00+00:00\",\"dateModified\":\"2024-06-04T09:29:25+00:00\",\"mainEntityOfPage\":{\"@id\":\"https:\\\/\\\/web-sme-csp.com\\\/serbia\\\/sr\\\/zamrznuto-voce-za-evropu\\\/\"},\"wordCount\":315,\"image\":{\"@id\":\"https:\\\/\\\/web-sme-csp.com\\\/serbia\\\/sr\\\/zamrznuto-voce-za-evropu\\\/#primaryimage\"},\"thumbnailUrl\":\"https:\\\/\\\/web-sme-csp.com\\\/serbia\\\/wp-content\\\/uploads\\\/sites\\\/8\\\/2024\\\/06\\\/solar.png\",\"articleSection\":[\"Success Storys\"],\"inLanguage\":\"sr-RS\"},{\"@type\":\"WebPage\",\"@id\":\"https:\\\/\\\/web-sme-csp.com\\\/serbia\\\/sr\\\/zamrznuto-voce-za-evropu\\\/\",\"url\":\"https:\\\/\\\/web-sme-csp.com\\\/serbia\\\/sr\\\/zamrznuto-voce-za-evropu\\\/\",\"name\":\"ZAMRZNUTO VO\u0106E ZA EVROPU - web-sme-csp.com Serbia\",\"isPartOf\":{\"@id\":\"https:\\\/\\\/web-sme-csp.com\\\/serbia\\\/#website\"},\"primaryImageOfPage\":{\"@id\":\"https:\\\/\\\/web-sme-csp.com\\\/serbia\\\/sr\\\/zamrznuto-voce-za-evropu\\\/#primaryimage\"},\"image\":{\"@id\":\"https:\\\/\\\/web-sme-csp.com\\\/serbia\\\/sr\\\/zamrznuto-voce-za-evropu\\\/#primaryimage\"},\"thumbnailUrl\":\"https:\\\/\\\/web-sme-csp.com\\\/serbia\\\/wp-content\\\/uploads\\\/sites\\\/8\\\/2024\\\/06\\\/solar.png\",\"datePublished\":\"2024-06-04T09:16:00+00:00\",\"dateModified\":\"2024-06-04T09:29:25+00:00\",\"author\":{\"@id\":\"https:\\\/\\\/web-sme-csp.com\\\/serbia\\\/#\\\/schema\\\/person\\\/ccff2b6822231caadaca866c7bf28a76\"},\"breadcrumb\":{\"@id\":\"https:\\\/\\\/web-sme-csp.com\\\/serbia\\\/sr\\\/zamrznuto-voce-za-evropu\\\/#breadcrumb\"},\"inLanguage\":\"sr-RS\",\"potentialAction\":[{\"@type\":\"ReadAction\",\"target\":[\"https:\\\/\\\/web-sme-csp.com\\\/serbia\\\/sr\\\/zamrznuto-voce-za-evropu\\\/\"]}]},{\"@type\":\"ImageObject\",\"inLanguage\":\"sr-RS\",\"@id\":\"https:\\\/\\\/web-sme-csp.com\\\/serbia\\\/sr\\\/zamrznuto-voce-za-evropu\\\/#primaryimage\",\"url\":\"https:\\\/\\\/web-sme-csp.com\\\/serbia\\\/wp-content\\\/uploads\\\/sites\\\/8\\\/2024\\\/06\\\/solar.png\",\"contentUrl\":\"https:\\\/\\\/web-sme-csp.com\\\/serbia\\\/wp-content\\\/uploads\\\/sites\\\/8\\\/2024\\\/06\\\/solar.png\",\"width\":381,\"height\":304},{\"@type\":\"BreadcrumbList\",\"@id\":\"https:\\\/\\\/web-sme-csp.com\\\/serbia\\\/sr\\\/zamrznuto-voce-za-evropu\\\/#breadcrumb\",\"itemListElement\":[{\"@type\":\"ListItem\",\"position\":1,\"name\":\"Home\",\"item\":\"https:\\\/\\\/web-sme-csp.com\\\/serbia\\\/?lang=sr\"},{\"@type\":\"ListItem\",\"position\":2,\"name\":\"ZAMRZNUTO VO\u0106E ZA EVROPU\"}]},{\"@type\":\"WebSite\",\"@id\":\"https:\\\/\\\/web-sme-csp.com\\\/serbia\\\/#website\",\"url\":\"https:\\\/\\\/web-sme-csp.com\\\/serbia\\\/\",\"name\":\"web-sme-csp.com Serbia\",\"description\":\"Serbia\",\"potentialAction\":[{\"@type\":\"SearchAction\",\"target\":{\"@type\":\"EntryPoint\",\"urlTemplate\":\"https:\\\/\\\/web-sme-csp.com\\\/serbia\\\/?s={search_term_string}\"},\"query-input\":{\"@type\":\"PropertyValueSpecification\",\"valueRequired\":true,\"valueName\":\"search_term_string\"}}],\"inLanguage\":\"sr-RS\"},{\"@type\":\"Person\",\"@id\":\"https:\\\/\\\/web-sme-csp.com\\\/serbia\\\/#\\\/schema\\\/person\\\/ccff2b6822231caadaca866c7bf28a76\",\"name\":\"admin\",\"image\":{\"@type\":\"ImageObject\",\"inLanguage\":\"sr-RS\",\"@id\":\"https:\\\/\\\/secure.gravatar.com\\\/avatar\\\/ab83f7ac52a92742f8915b650aae5f0b625bf3bf2a075d99817152c012d020bb?s=96&d=mm&r=g\",\"url\":\"https:\\\/\\\/secure.gravatar.com\\\/avatar\\\/ab83f7ac52a92742f8915b650aae5f0b625bf3bf2a075d99817152c012d020bb?s=96&d=mm&r=g\",\"contentUrl\":\"https:\\\/\\\/secure.gravatar.com\\\/avatar\\\/ab83f7ac52a92742f8915b650aae5f0b625bf3bf2a075d99817152c012d020bb?s=96&d=mm&r=g\",\"caption\":\"admin\"},\"url\":\"https:\\\/\\\/web-sme-csp.com\\\/serbia\\\/sr\\\/author\\\/server_ph8150u1\\\/\"}]}<\/script>\n<!-- \/ Yoast SEO plugin. -->","yoast_head_json":{"title":"ZAMRZNUTO VO\u0106E ZA EVROPU - web-sme-csp.com Serbia","robots":{"index":"index","follow":"follow","max-snippet":"max-snippet:-1","max-image-preview":"max-image-preview:large","max-video-preview":"max-video-preview:-1"},"canonical":"https:\/\/web-sme-csp.com\/serbia\/sr\/zamrznuto-voce-za-evropu\/","og_locale":"sr_RS","og_type":"article","og_title":"ZAMRZNUTO VO\u0106E ZA EVROPU - web-sme-csp.com Serbia","og_description":"Budim Grad doo je porodi\u010dna kompanija osnovana 1992. koja se bavi otkupom sve\u017eeg vo\u0107a i preradom istog u visokokvalitetno zamrznuto vo\u0107e \u041e\u043f\u0448\u0438\u0440\u043d\u0438\u0458\u0435Preuzimanja","og_url":"https:\/\/web-sme-csp.com\/serbia\/sr\/zamrznuto-voce-za-evropu\/","og_site_name":"web-sme-csp.com Serbia","article_publisher":"https:\/\/www.facebook.com\/Program-Za-Poveanje-Konkurentnosti-MSP-117944216282301\/?modal=admin_todo_tour","article_published_time":"2024-06-04T09:16:00+00:00","article_modified_time":"2024-06-04T09:29:25+00:00","og_image":[{"width":381,"height":304,"url":"https:\/\/web-sme-csp.com\/serbia\/wp-content\/uploads\/sites\/8\/2024\/06\/solar.png","type":"image\/png"}],"author":"admin","twitter_card":"summary_large_image","twitter_misc":{"\u041d\u0430\u043f\u0438\u0441\u0430\u043d\u043e \u043e\u0434":"admin","\u041f\u0440\u043e\u0446\u0435\u045a\u0435\u043d\u043e \u0432\u0440\u0435\u043c\u0435 \u0447\u0438\u0442\u0430\u045a\u0430":"2 \u043c\u0438\u043d\u0443\u0442\u0430"},"schema":{"@context":"https:\/\/schema.org","@graph":[{"@type":"Article","@id":"https:\/\/web-sme-csp.com\/serbia\/sr\/zamrznuto-voce-za-evropu\/#article","isPartOf":{"@id":"https:\/\/web-sme-csp.com\/serbia\/sr\/zamrznuto-voce-za-evropu\/"},"author":{"name":"admin","@id":"https:\/\/web-sme-csp.com\/serbia\/#\/schema\/person\/ccff2b6822231caadaca866c7bf28a76"},"headline":"ZAMRZNUTO VO\u0106E ZA EVROPU","datePublished":"2024-06-04T09:16:00+00:00","dateModified":"2024-06-04T09:29:25+00:00","mainEntityOfPage":{"@id":"https:\/\/web-sme-csp.com\/serbia\/sr\/zamrznuto-voce-za-evropu\/"},"wordCount":315,"image":{"@id":"https:\/\/web-sme-csp.com\/serbia\/sr\/zamrznuto-voce-za-evropu\/#primaryimage"},"thumbnailUrl":"https:\/\/web-sme-csp.com\/serbia\/wp-content\/uploads\/sites\/8\/2024\/06\/solar.png","articleSection":["Success Storys"],"inLanguage":"sr-RS"},{"@type":"WebPage","@id":"https:\/\/web-sme-csp.com\/serbia\/sr\/zamrznuto-voce-za-evropu\/","url":"https:\/\/web-sme-csp.com\/serbia\/sr\/zamrznuto-voce-za-evropu\/","name":"ZAMRZNUTO VO\u0106E ZA EVROPU - web-sme-csp.com Serbia","isPartOf":{"@id":"https:\/\/web-sme-csp.com\/serbia\/#website"},"primaryImageOfPage":{"@id":"https:\/\/web-sme-csp.com\/serbia\/sr\/zamrznuto-voce-za-evropu\/#primaryimage"},"image":{"@id":"https:\/\/web-sme-csp.com\/serbia\/sr\/zamrznuto-voce-za-evropu\/#primaryimage"},"thumbnailUrl":"https:\/\/web-sme-csp.com\/serbia\/wp-content\/uploads\/sites\/8\/2024\/06\/solar.png","datePublished":"2024-06-04T09:16:00+00:00","dateModified":"2024-06-04T09:29:25+00:00","author":{"@id":"https:\/\/web-sme-csp.com\/serbia\/#\/schema\/person\/ccff2b6822231caadaca866c7bf28a76"},"breadcrumb":{"@id":"https:\/\/web-sme-csp.com\/serbia\/sr\/zamrznuto-voce-za-evropu\/#breadcrumb"},"inLanguage":"sr-RS","potentialAction":[{"@type":"ReadAction","target":["https:\/\/web-sme-csp.com\/serbia\/sr\/zamrznuto-voce-za-evropu\/"]}]},{"@type":"ImageObject","inLanguage":"sr-RS","@id":"https:\/\/web-sme-csp.com\/serbia\/sr\/zamrznuto-voce-za-evropu\/#primaryimage","url":"https:\/\/web-sme-csp.com\/serbia\/wp-content\/uploads\/sites\/8\/2024\/06\/solar.png","contentUrl":"https:\/\/web-sme-csp.com\/serbia\/wp-content\/uploads\/sites\/8\/2024\/06\/solar.png","width":381,"height":304},{"@type":"BreadcrumbList","@id":"https:\/\/web-sme-csp.com\/serbia\/sr\/zamrznuto-voce-za-evropu\/#breadcrumb","itemListElement":[{"@type":"ListItem","position":1,"name":"Home","item":"https:\/\/web-sme-csp.com\/serbia\/?lang=sr"},{"@type":"ListItem","position":2,"name":"ZAMRZNUTO VO\u0106E ZA EVROPU"}]},{"@type":"WebSite","@id":"https:\/\/web-sme-csp.com\/serbia\/#website","url":"https:\/\/web-sme-csp.com\/serbia\/","name":"web-sme-csp.com Serbia","description":"Serbia","potentialAction":[{"@type":"SearchAction","target":{"@type":"EntryPoint","urlTemplate":"https:\/\/web-sme-csp.com\/serbia\/?s={search_term_string}"},"query-input":{"@type":"PropertyValueSpecification","valueRequired":true,"valueName":"search_term_string"}}],"inLanguage":"sr-RS"},{"@type":"Person","@id":"https:\/\/web-sme-csp.com\/serbia\/#\/schema\/person\/ccff2b6822231caadaca866c7bf28a76","name":"admin","image":{"@type":"ImageObject","inLanguage":"sr-RS","@id":"https:\/\/secure.gravatar.com\/avatar\/ab83f7ac52a92742f8915b650aae5f0b625bf3bf2a075d99817152c012d020bb?s=96&d=mm&r=g","url":"https:\/\/secure.gravatar.com\/avatar\/ab83f7ac52a92742f8915b650aae5f0b625bf3bf2a075d99817152c012d020bb?s=96&d=mm&r=g","contentUrl":"https:\/\/secure.gravatar.com\/avatar\/ab83f7ac52a92742f8915b650aae5f0b625bf3bf2a075d99817152c012d020bb?s=96&d=mm&r=g","caption":"admin"},"url":"https:\/\/web-sme-csp.com\/serbia\/sr\/author\/server_ph8150u1\/"}]}},"_links":{"self":[{"href":"https:\/\/web-sme-csp.com\/serbia\/sr\/wp-json\/wp\/v2\/posts\/1731","targetHints":{"allow":["GET"]}}],"collection":[{"href":"https:\/\/web-sme-csp.com\/serbia\/sr\/wp-json\/wp\/v2\/posts"}],"about":[{"href":"https:\/\/web-sme-csp.com\/serbia\/sr\/wp-json\/wp\/v2\/types\/post"}],"author":[{"embeddable":true,"href":"https:\/\/web-sme-csp.com\/serbia\/sr\/wp-json\/wp\/v2\/users\/1"}],"replies":[{"embeddable":true,"href":"https:\/\/web-sme-csp.com\/serbia\/sr\/wp-json\/wp\/v2\/comments?post=1731"}],"version-history":[{"count":6,"href":"https:\/\/web-sme-csp.com\/serbia\/sr\/wp-json\/wp\/v2\/posts\/1731\/revisions"}],"predecessor-version":[{"id":1750,"href":"https:\/\/web-sme-csp.com\/serbia\/sr\/wp-json\/wp\/v2\/posts\/1731\/revisions\/1750"}],"wp:featuredmedia":[{"embeddable":true,"href":"https:\/\/web-sme-csp.com\/serbia\/sr\/wp-json\/wp\/v2\/media\/1661"}],"wp:attachment":[{"href":"https:\/\/web-sme-csp.com\/serbia\/sr\/wp-json\/wp\/v2\/media?parent=1731"}],"wp:term":[{"taxonomy":"category","embeddable":true,"href":"https:\/\/web-sme-csp.com\/serbia\/sr\/wp-json\/wp\/v2\/categories?post=1731"},{"taxonomy":"post_tag","embeddable":true,"href":"https:\/\/web-sme-csp.com\/serbia\/sr\/wp-json\/wp\/v2\/tags?post=1731"}],"curies":[{"name":"wp","href":"https:\/\/api.w.org\/{rel}","templated":true}]}}