{"id":1362,"date":"2022-05-17T08:38:34","date_gmt":"2022-05-17T08:38:34","guid":{"rendered":"https:\/\/web-sme-csp.com\/serbia\/?p=1362"},"modified":"2022-05-17T08:40:37","modified_gmt":"2022-05-17T08:40:37","slug":"bezbedan-i-efikasan-uzgoj-zitarica","status":"publish","type":"post","link":"https:\/\/web-sme-csp.com\/serbia\/sr\/bezbedan-i-efikasan-uzgoj-zitarica\/","title":{"rendered":"BEZBEDAN I EFIKASAN UZGOJ \u017dITARICA"},"content":{"rendered":"\t\t<div data-elementor-type=\"wp-post\" data-elementor-id=\"1362\" class=\"elementor elementor-1362\" data-elementor-post-type=\"post\">\n\t\t\t\t\t\t<section class=\"elementor-section elementor-top-section elementor-element elementor-element-7c43f8b elementor-section-full_width elementor-section-height-default elementor-section-height-default\" data-id=\"7c43f8b\" data-element_type=\"section\" data-e-type=\"section\">\n\t\t\t\t\t\t<div class=\"elementor-container elementor-column-gap-no\">\n\t\t\t\t\t<div class=\"elementor-column elementor-col-100 elementor-top-column elementor-element elementor-element-6960a0e\" data-id=\"6960a0e\" data-element_type=\"column\" data-e-type=\"column\">\n\t\t\t<div class=\"elementor-widget-wrap elementor-element-populated\">\n\t\t\t\t\t\t<div class=\"elementor-element elementor-element-be024b5 elementor-skin-carousel elementor-widget elementor-widget-media-carousel\" data-id=\"be024b5\" data-element_type=\"widget\" data-e-type=\"widget\" data-settings=\"{&quot;space_between&quot;:{&quot;unit&quot;:&quot;px&quot;,&quot;size&quot;:0,&quot;sizes&quot;:[]},&quot;skin&quot;:&quot;carousel&quot;,&quot;effect&quot;:&quot;slide&quot;,&quot;speed&quot;:500,&quot;autoplay&quot;:&quot;yes&quot;,&quot;autoplay_speed&quot;:5000,&quot;loop&quot;:&quot;yes&quot;,&quot;pause_on_hover&quot;:&quot;yes&quot;,&quot;pause_on_interaction&quot;:&quot;yes&quot;,&quot;space_between_tablet&quot;:{&quot;unit&quot;:&quot;px&quot;,&quot;size&quot;:10,&quot;sizes&quot;:[]},&quot;space_between_mobile&quot;:{&quot;unit&quot;:&quot;px&quot;,&quot;size&quot;:10,&quot;sizes&quot;:[]}}\" data-widget_type=\"media-carousel.default\">\n\t\t\t\t<div class=\"elementor-widget-container\">\n\t\t\t\t\t\t\t\t\t<div class=\"elementor-swiper\">\n\t\t\t\t\t<div class=\"elementor-main-swiper swiper\" role=\"region\" aria-roledescription=\"carousel\" aria-label=\"Slides\">\n\t\t\t\t<div class=\"swiper-wrapper\">\n\t\t\t\t\t\t\t\t\t\t\t<div class=\"swiper-slide\" role=\"group\" aria-roledescription=\"slide\">\n\t\t\t\t\t\t\t\t\t<div class=\"elementor-carousel-image\" role=\"img\" aria-label=\"Technology Selector\" style=\"background-image: url(&#039;https:\/\/westernbalkan.ybm.eu\/kosovo\/wp-content\/uploads\/sites\/3\/2019\/03\/395129-PCH2M7-589-e1552605691578.jpg&#039;)\">\n\n\t\t\t\n\t\t\t\t\t<\/div>\n\t\t\t\t\t\t\t\t<\/div>\n\t\t\t\t\t\t\t\t\t<\/div>\n\t\t\t\t\t\t\t<\/div>\n\t\t\t\t<\/div>\n\t\t\t\t\t\t\t\t<\/div>\n\t\t\t\t<\/div>\n\t\t\t\t\t<\/div>\n\t\t<\/div>\n\t\t\t\t\t<\/div>\n\t\t<\/section>\n\t\t\t\t<section class=\"elementor-section elementor-top-section elementor-element elementor-element-c9baa94 elementor-section-content-middle elementor-section-boxed elementor-section-height-default elementor-section-height-default\" data-id=\"c9baa94\" data-element_type=\"section\" data-e-type=\"section\" data-settings=\"{&quot;background_background&quot;:&quot;classic&quot;}\">\n\t\t\t\t\t\t<div class=\"elementor-container elementor-column-gap-default\">\n\t\t\t\t\t<div class=\"elementor-column elementor-col-100 elementor-top-column elementor-element elementor-element-0a21782\" data-id=\"0a21782\" data-element_type=\"column\" data-e-type=\"column\" data-settings=\"{&quot;background_background&quot;:&quot;classic&quot;}\">\n\t\t\t<div class=\"elementor-widget-wrap elementor-element-populated\">\n\t\t\t\t\t\t<div class=\"elementor-element elementor-element-a3cbfec elementor-widget elementor-widget-heading\" data-id=\"a3cbfec\" data-element_type=\"widget\" data-e-type=\"widget\" data-widget_type=\"heading.default\">\n\t\t\t\t<div class=\"elementor-widget-container\">\n\t\t\t\t\t<h1 class=\"elementor-heading-title elementor-size-default\">BEZBEDAN I EFIKASAN UZGOJ \u017dITARICA<\/h1>\t\t\t\t<\/div>\n\t\t\t\t<\/div>\n\t\t\t\t\t<\/div>\n\t\t<\/div>\n\t\t\t\t\t<\/div>\n\t\t<\/section>\n\t\t\t\t<section class=\"elementor-section elementor-top-section elementor-element elementor-element-231aacd elementor-section-boxed elementor-section-height-default elementor-section-height-default\" data-id=\"231aacd\" data-element_type=\"section\" data-e-type=\"section\">\n\t\t\t\t\t\t<div class=\"elementor-container elementor-column-gap-default\">\n\t\t\t\t\t<div class=\"elementor-column elementor-col-100 elementor-top-column elementor-element elementor-element-4a19df0\" data-id=\"4a19df0\" data-element_type=\"column\" data-e-type=\"column\">\n\t\t\t<div class=\"elementor-widget-wrap elementor-element-populated\">\n\t\t\t\t\t\t<section class=\"elementor-section elementor-inner-section elementor-element elementor-element-e34f8d1 elementor-section-boxed elementor-section-height-default elementor-section-height-default\" data-id=\"e34f8d1\" data-element_type=\"section\" data-e-type=\"section\">\n\t\t\t\t\t\t<div class=\"elementor-container elementor-column-gap-default\">\n\t\t\t\t\t<div class=\"elementor-column elementor-col-50 elementor-inner-column elementor-element elementor-element-d3be16f\" data-id=\"d3be16f\" data-element_type=\"column\" data-e-type=\"column\">\n\t\t\t<div class=\"elementor-widget-wrap elementor-element-populated\">\n\t\t\t\t\t\t<div class=\"elementor-element elementor-element-31da700 elementor-widget elementor-widget-text-editor\" data-id=\"31da700\" data-element_type=\"widget\" data-e-type=\"widget\" data-widget_type=\"text-editor.default\">\n\t\t\t\t<div class=\"elementor-widget-container\">\n\t\t\t\t\t\t\t\t\t<p>Farma <strong>Zoran Plav\u0161ic\u0301 (RAF)<\/strong> osnovana je 2010. godine. Preduzec\u0301e se bavi poljoprivrednom proizvodnjom sa fokusom na uzgoj povrc\u0301a i \u017eitarica. Glavni proizvodi uklju\u010duju seme suncokreta, p\u0161enicu i uljanu repicu. Generalno, porodica Plav\u0161ic\u0301 je jedan od najvec\u0301ih zemljoposednika i poljoprivrednih proizvo\u0111a\u010da u Vojvodini.<\/p><p>Kao poljoprivredna firma koja se proizvodnjom bavi vi\u0161e od 10 godina, ujedno je i porodi\u010dna firma koja posloje kroz nekoliko generacija. RAF prodaje svoje proizvode najvec\u0301im klijentima na lokalnom tr\u017ei\u0161tu koji se bave \u017eitaricama.<\/p><p>Kako bi unapredili svoje poslovanje, kompanija je investirala u novu i savremenu poljoprivrednu opremu, za upotrebu na obradivim povr\u0161inama koje su i\/ili u vlasni\u0161tvu kompanije i\/ili u zakupu. Nova ma\u0161ina je efikasnija, precizno bele\u017ei podatke od 30 razli\u010ditih sorti semena, prati prinos i vlagu i ima jednu od najvec\u0301ih i najti\u0161ih kabina za rukovaoca. Vec\u0301a efikasnost goriva i smanjena emisija ugeljnika upotpunjuju prednosti ove investicije.<\/p><p>Nova ma\u0161ina ispunjava zahteve nekoliko direktiva EU, pro\u0161irujuc\u0301i izvozne moguc\u0301nosti kompanije na tr\u017ei\u0161ta EU. Relevantne direktive uklju\u010duju:<\/p><ul><li>Regulativa (EU) 2016\/1628 Evropskog parlamenta i Saveta od 14. septembra 2016. o zahtevima koji se odnose na ograni\u010denja emisije ugeljni\u010dnih i \u010destica zaga\u0111ujuc\u0301ih materija i odobrenje tipa za motore sa unutra\u0161njim sagorevanjem za vandrumske mobilne ma\u0161ine, o izmenama i dopunama Uredbe (EU) br. 1024\/2012 i (EU) br. 167\/2013 i o izmeni i ukidanju Direktive 97\/68\/EC<\/li><li>Delegirana uredba Komisije (EU) 2018\/985 kojom se dopunjava Uredba (EU) br. 167\/2013 u vezi sa zahtevima za performanse ekolo\u0161ke i pogonske jedinice za poljoprivredna i \u0161umarska vozila i njihove motore i stavlja van snage Delegiranu uredbu Komisije (EU) 2015\/96<\/li><\/ul><p>Kompanija je dobila tehni\u010dku pomoc\u0301 od tima me\u0111unarodnih i domac\u0301ih stru\u010dnjaka, koja je obezbe\u0111ena besplatno u okviru Programa podr\u0161ke konkurentnosti MSP u Srbiji. Nakon uspe\u0161ne verifikacije svog investicionog projekta, kompanija je dobila povrat novca od 15% granta koji finansira Evropska unija.<\/p>\t\t\t\t\t\t\t\t<\/div>\n\t\t\t\t<\/div>\n\t\t\t\t\t<\/div>\n\t\t<\/div>\n\t\t\t\t<div class=\"elementor-column elementor-col-50 elementor-inner-column elementor-element elementor-element-d046486\" data-id=\"d046486\" data-element_type=\"column\" data-e-type=\"column\">\n\t\t\t<div class=\"elementor-widget-wrap elementor-element-populated\">\n\t\t\t\t\t\t<div class=\"elementor-element elementor-element-ac5cca9 elementor-widget elementor-widget-spacer\" data-id=\"ac5cca9\" data-element_type=\"widget\" data-e-type=\"widget\" data-widget_type=\"spacer.default\">\n\t\t\t\t<div class=\"elementor-widget-container\">\n\t\t\t\t\t\t\t<div class=\"elementor-spacer\">\n\t\t\t<div class=\"elementor-spacer-inner\"><\/div>\n\t\t<\/div>\n\t\t\t\t\t\t<\/div>\n\t\t\t\t<\/div>\n\t\t\t\t<div class=\"elementor-element elementor-element-5df48e4 elementor-widget elementor-widget-text-editor\" data-id=\"5df48e4\" data-element_type=\"widget\" data-e-type=\"widget\" data-widget_type=\"text-editor.default\">\n\t\t\t\t<div class=\"elementor-widget-container\">\n\t\t\t\t\t\t\t\t\t<table><tbody><tr><td width=\"92\"><h4><strong>Iznos kredita<\/strong><\/h4><\/td><td width=\"138\"><p><strong>216,000 EUR<\/strong><\/p><\/td><\/tr><tr><td width=\"92\"><h4><strong>Iznos granta<\/strong><\/h4><\/td><td width=\"138\"><p><strong>32,400 EUR<\/strong><\/p><\/td><\/tr><tr><td width=\"92\"><h4><strong>EU Direktiva<\/strong><\/h4><\/td><td width=\"138\"><h4>Direktive EU o granicama emisija vandrumskih mobilnih ma\u0161ina i ekolo\u0161kim performansama poljoprivrednih ma\u0161ina<\/h4><\/td><\/tr><tr><td width=\"92\"><h4><strong>Investirano u<\/strong><\/h4><h4><strong>\u00a0<\/strong><\/h4><\/td><td width=\"138\"><h4>Case IH AF 6140, TIER 4\/B Kona\u010dna emisija standardnog motora<\/h4><\/td><\/tr><tr><td width=\"92\"><h4><strong>U\u0161teda energije I smanjenje gasova<\/strong><\/h4><\/td><td width=\"138\"><h4>21.8 MWh\/god<\/h4><h4>5.82 t CO<sub>2<\/sub>\/god<\/h4><\/td><\/tr><\/tbody><\/table><p>\u00a0<\/p>\t\t\t\t\t\t\t\t<\/div>\n\t\t\t\t<\/div>\n\t\t\t\t\t<\/div>\n\t\t<\/div>\n\t\t\t\t\t<\/div>\n\t\t<\/section>\n\t\t\t\t\t<\/div>\n\t\t<\/div>\n\t\t\t\t\t<\/div>\n\t\t<\/section>\n\t\t\t\t<\/div>\n\t\t","protected":false},"excerpt":{"rendered":"<p>Farma Zoran Plav\u0161ic\u0301 (RAF) osnovana je 2010. godine.<br \/>\n<br \/>\n<a href=\"\/serbia\/bezbedan-i-efikasan-uzgoj-zitarica\/?lang=sr\" class=\"elementor-button cust-button\" role=\"button\">\u041e\u043f\u0448\u0438\u0440\u043d\u0438\u0458\u0435<\/a><a href=\"\/serbia\/wp-content\/uploads\/sites\/8\/2022\/05\/WEB-Serbia-SUCCESS-Poliform-srb.pdf\" class=\"elementor-button cust-button\" role=\"button\">Preuzimanja<\/a><\/p>\n","protected":false},"author":1,"featured_media":1327,"comment_status":"closed","ping_status":"open","sticky":false,"template":"elementor_header_footer","format":"standard","meta":{"footnotes":""},"categories":[6],"tags":[],"class_list":["post-1362","post","type-post","status-publish","format-standard","has-post-thumbnail","hentry","category-success-storys"],"yoast_head":"<!-- This site is optimized with the Yoast SEO plugin v27.5 - https:\/\/yoast.com\/product\/yoast-seo-wordpress\/ -->\n<title>BEZBEDAN I EFIKASAN UZGOJ \u017dITARICA - web-sme-csp.com Serbia<\/title>\n<meta name=\"robots\" content=\"index, follow, max-snippet:-1, max-image-preview:large, max-video-preview:-1\" \/>\n<link rel=\"canonical\" href=\"https:\/\/web-sme-csp.com\/serbia\/bezbedan-i-efikasan-uzgoj-zitarica\/?lang=sr\" \/>\n<meta property=\"og:locale\" content=\"sr_RS\" \/>\n<meta property=\"og:type\" content=\"article\" \/>\n<meta property=\"og:title\" content=\"BEZBEDAN I EFIKASAN UZGOJ \u017dITARICA - web-sme-csp.com Serbia\" \/>\n<meta property=\"og:description\" content=\"Farma Zoran Plav\u0161ic\u0301 (RAF) osnovana je 2010. godine. \u041e\u043f\u0448\u0438\u0440\u043d\u0438\u0458\u0435Preuzimanja\" \/>\n<meta property=\"og:url\" content=\"https:\/\/web-sme-csp.com\/serbia\/bezbedan-i-efikasan-uzgoj-zitarica\/?lang=sr\" \/>\n<meta property=\"og:site_name\" content=\"web-sme-csp.com Serbia\" \/>\n<meta property=\"article:publisher\" content=\"https:\/\/www.facebook.com\/Program-Za-Poveanje-Konkurentnosti-MSP-117944216282301\/?modal=admin_todo_tour\" \/>\n<meta property=\"article:published_time\" content=\"2022-05-17T08:38:34+00:00\" \/>\n<meta property=\"article:modified_time\" content=\"2022-05-17T08:40:37+00:00\" \/>\n<meta property=\"og:image\" content=\"https:\/\/web-sme-csp.com\/serbia\/wp-content\/uploads\/sites\/8\/2022\/05\/grains.png\" \/>\n\t<meta property=\"og:image:width\" content=\"244\" \/>\n\t<meta property=\"og:image:height\" content=\"169\" \/>\n\t<meta property=\"og:image:type\" content=\"image\/png\" \/>\n<meta name=\"author\" content=\"admin\" \/>\n<meta name=\"twitter:card\" content=\"summary_large_image\" \/>\n<meta name=\"twitter:label1\" content=\"\u041d\u0430\u043f\u0438\u0441\u0430\u043d\u043e \u043e\u0434\" \/>\n\t<meta name=\"twitter:data1\" content=\"admin\" \/>\n\t<meta name=\"twitter:label2\" content=\"\u041f\u0440\u043e\u0446\u0435\u045a\u0435\u043d\u043e \u0432\u0440\u0435\u043c\u0435 \u0447\u0438\u0442\u0430\u045a\u0430\" \/>\n\t<meta name=\"twitter:data2\" content=\"2 \u043c\u0438\u043d\u0443\u0442\u0430\" \/>\n<script type=\"application\/ld+json\" class=\"yoast-schema-graph\">{\"@context\":\"https:\\\/\\\/schema.org\",\"@graph\":[{\"@type\":\"Article\",\"@id\":\"https:\\\/\\\/web-sme-csp.com\\\/serbia\\\/bezbedan-i-efikasan-uzgoj-zitarica\\\/?lang=sr#article\",\"isPartOf\":{\"@id\":\"https:\\\/\\\/web-sme-csp.com\\\/serbia\\\/bezbedan-i-efikasan-uzgoj-zitarica\\\/?lang=sr\"},\"author\":{\"name\":\"admin\",\"@id\":\"https:\\\/\\\/web-sme-csp.com\\\/serbia\\\/#\\\/schema\\\/person\\\/ccff2b6822231caadaca866c7bf28a76\"},\"headline\":\"BEZBEDAN I EFIKASAN UZGOJ \u017dITARICA\",\"datePublished\":\"2022-05-17T08:38:34+00:00\",\"dateModified\":\"2022-05-17T08:40:37+00:00\",\"mainEntityOfPage\":{\"@id\":\"https:\\\/\\\/web-sme-csp.com\\\/serbia\\\/bezbedan-i-efikasan-uzgoj-zitarica\\\/?lang=sr\"},\"wordCount\":378,\"image\":{\"@id\":\"https:\\\/\\\/web-sme-csp.com\\\/serbia\\\/bezbedan-i-efikasan-uzgoj-zitarica\\\/?lang=sr#primaryimage\"},\"thumbnailUrl\":\"https:\\\/\\\/web-sme-csp.com\\\/serbia\\\/wp-content\\\/uploads\\\/sites\\\/8\\\/2022\\\/05\\\/grains.png\",\"articleSection\":[\"Success Storys\"],\"inLanguage\":\"sr-RS\"},{\"@type\":\"WebPage\",\"@id\":\"https:\\\/\\\/web-sme-csp.com\\\/serbia\\\/bezbedan-i-efikasan-uzgoj-zitarica\\\/?lang=sr\",\"url\":\"https:\\\/\\\/web-sme-csp.com\\\/serbia\\\/bezbedan-i-efikasan-uzgoj-zitarica\\\/?lang=sr\",\"name\":\"BEZBEDAN I EFIKASAN UZGOJ \u017dITARICA - web-sme-csp.com Serbia\",\"isPartOf\":{\"@id\":\"https:\\\/\\\/web-sme-csp.com\\\/serbia\\\/#website\"},\"primaryImageOfPage\":{\"@id\":\"https:\\\/\\\/web-sme-csp.com\\\/serbia\\\/bezbedan-i-efikasan-uzgoj-zitarica\\\/?lang=sr#primaryimage\"},\"image\":{\"@id\":\"https:\\\/\\\/web-sme-csp.com\\\/serbia\\\/bezbedan-i-efikasan-uzgoj-zitarica\\\/?lang=sr#primaryimage\"},\"thumbnailUrl\":\"https:\\\/\\\/web-sme-csp.com\\\/serbia\\\/wp-content\\\/uploads\\\/sites\\\/8\\\/2022\\\/05\\\/grains.png\",\"datePublished\":\"2022-05-17T08:38:34+00:00\",\"dateModified\":\"2022-05-17T08:40:37+00:00\",\"author\":{\"@id\":\"https:\\\/\\\/web-sme-csp.com\\\/serbia\\\/#\\\/schema\\\/person\\\/ccff2b6822231caadaca866c7bf28a76\"},\"breadcrumb\":{\"@id\":\"https:\\\/\\\/web-sme-csp.com\\\/serbia\\\/bezbedan-i-efikasan-uzgoj-zitarica\\\/?lang=sr#breadcrumb\"},\"inLanguage\":\"sr-RS\",\"potentialAction\":[{\"@type\":\"ReadAction\",\"target\":[\"https:\\\/\\\/web-sme-csp.com\\\/serbia\\\/bezbedan-i-efikasan-uzgoj-zitarica\\\/?lang=sr\"]}]},{\"@type\":\"ImageObject\",\"inLanguage\":\"sr-RS\",\"@id\":\"https:\\\/\\\/web-sme-csp.com\\\/serbia\\\/bezbedan-i-efikasan-uzgoj-zitarica\\\/?lang=sr#primaryimage\",\"url\":\"https:\\\/\\\/web-sme-csp.com\\\/serbia\\\/wp-content\\\/uploads\\\/sites\\\/8\\\/2022\\\/05\\\/grains.png\",\"contentUrl\":\"https:\\\/\\\/web-sme-csp.com\\\/serbia\\\/wp-content\\\/uploads\\\/sites\\\/8\\\/2022\\\/05\\\/grains.png\",\"width\":244,\"height\":169},{\"@type\":\"BreadcrumbList\",\"@id\":\"https:\\\/\\\/web-sme-csp.com\\\/serbia\\\/bezbedan-i-efikasan-uzgoj-zitarica\\\/?lang=sr#breadcrumb\",\"itemListElement\":[{\"@type\":\"ListItem\",\"position\":1,\"name\":\"Home\",\"item\":\"https:\\\/\\\/web-sme-csp.com\\\/serbia\\\/?lang=sr\"},{\"@type\":\"ListItem\",\"position\":2,\"name\":\"BEZBEDAN I EFIKASAN UZGOJ \u017dITARICA\"}]},{\"@type\":\"WebSite\",\"@id\":\"https:\\\/\\\/web-sme-csp.com\\\/serbia\\\/#website\",\"url\":\"https:\\\/\\\/web-sme-csp.com\\\/serbia\\\/\",\"name\":\"web-sme-csp.com Serbia\",\"description\":\"Serbia\",\"potentialAction\":[{\"@type\":\"SearchAction\",\"target\":{\"@type\":\"EntryPoint\",\"urlTemplate\":\"https:\\\/\\\/web-sme-csp.com\\\/serbia\\\/?s={search_term_string}\"},\"query-input\":{\"@type\":\"PropertyValueSpecification\",\"valueRequired\":true,\"valueName\":\"search_term_string\"}}],\"inLanguage\":\"sr-RS\"},{\"@type\":\"Person\",\"@id\":\"https:\\\/\\\/web-sme-csp.com\\\/serbia\\\/#\\\/schema\\\/person\\\/ccff2b6822231caadaca866c7bf28a76\",\"name\":\"admin\",\"image\":{\"@type\":\"ImageObject\",\"inLanguage\":\"sr-RS\",\"@id\":\"https:\\\/\\\/secure.gravatar.com\\\/avatar\\\/ab83f7ac52a92742f8915b650aae5f0b625bf3bf2a075d99817152c012d020bb?s=96&d=mm&r=g\",\"url\":\"https:\\\/\\\/secure.gravatar.com\\\/avatar\\\/ab83f7ac52a92742f8915b650aae5f0b625bf3bf2a075d99817152c012d020bb?s=96&d=mm&r=g\",\"contentUrl\":\"https:\\\/\\\/secure.gravatar.com\\\/avatar\\\/ab83f7ac52a92742f8915b650aae5f0b625bf3bf2a075d99817152c012d020bb?s=96&d=mm&r=g\",\"caption\":\"admin\"},\"url\":\"https:\\\/\\\/web-sme-csp.com\\\/serbia\\\/sr\\\/author\\\/server_ph8150u1\\\/\"}]}<\/script>\n<!-- \/ Yoast SEO plugin. -->","yoast_head_json":{"title":"BEZBEDAN I EFIKASAN UZGOJ \u017dITARICA - web-sme-csp.com Serbia","robots":{"index":"index","follow":"follow","max-snippet":"max-snippet:-1","max-image-preview":"max-image-preview:large","max-video-preview":"max-video-preview:-1"},"canonical":"https:\/\/web-sme-csp.com\/serbia\/bezbedan-i-efikasan-uzgoj-zitarica\/?lang=sr","og_locale":"sr_RS","og_type":"article","og_title":"BEZBEDAN I EFIKASAN UZGOJ \u017dITARICA - web-sme-csp.com Serbia","og_description":"Farma Zoran Plav\u0161ic\u0301 (RAF) osnovana je 2010. godine. \u041e\u043f\u0448\u0438\u0440\u043d\u0438\u0458\u0435Preuzimanja","og_url":"https:\/\/web-sme-csp.com\/serbia\/bezbedan-i-efikasan-uzgoj-zitarica\/?lang=sr","og_site_name":"web-sme-csp.com Serbia","article_publisher":"https:\/\/www.facebook.com\/Program-Za-Poveanje-Konkurentnosti-MSP-117944216282301\/?modal=admin_todo_tour","article_published_time":"2022-05-17T08:38:34+00:00","article_modified_time":"2022-05-17T08:40:37+00:00","og_image":[{"width":244,"height":169,"url":"https:\/\/web-sme-csp.com\/serbia\/wp-content\/uploads\/sites\/8\/2022\/05\/grains.png","type":"image\/png"}],"author":"admin","twitter_card":"summary_large_image","twitter_misc":{"\u041d\u0430\u043f\u0438\u0441\u0430\u043d\u043e \u043e\u0434":"admin","\u041f\u0440\u043e\u0446\u0435\u045a\u0435\u043d\u043e \u0432\u0440\u0435\u043c\u0435 \u0447\u0438\u0442\u0430\u045a\u0430":"2 \u043c\u0438\u043d\u0443\u0442\u0430"},"schema":{"@context":"https:\/\/schema.org","@graph":[{"@type":"Article","@id":"https:\/\/web-sme-csp.com\/serbia\/bezbedan-i-efikasan-uzgoj-zitarica\/?lang=sr#article","isPartOf":{"@id":"https:\/\/web-sme-csp.com\/serbia\/bezbedan-i-efikasan-uzgoj-zitarica\/?lang=sr"},"author":{"name":"admin","@id":"https:\/\/web-sme-csp.com\/serbia\/#\/schema\/person\/ccff2b6822231caadaca866c7bf28a76"},"headline":"BEZBEDAN I EFIKASAN UZGOJ \u017dITARICA","datePublished":"2022-05-17T08:38:34+00:00","dateModified":"2022-05-17T08:40:37+00:00","mainEntityOfPage":{"@id":"https:\/\/web-sme-csp.com\/serbia\/bezbedan-i-efikasan-uzgoj-zitarica\/?lang=sr"},"wordCount":378,"image":{"@id":"https:\/\/web-sme-csp.com\/serbia\/bezbedan-i-efikasan-uzgoj-zitarica\/?lang=sr#primaryimage"},"thumbnailUrl":"https:\/\/web-sme-csp.com\/serbia\/wp-content\/uploads\/sites\/8\/2022\/05\/grains.png","articleSection":["Success Storys"],"inLanguage":"sr-RS"},{"@type":"WebPage","@id":"https:\/\/web-sme-csp.com\/serbia\/bezbedan-i-efikasan-uzgoj-zitarica\/?lang=sr","url":"https:\/\/web-sme-csp.com\/serbia\/bezbedan-i-efikasan-uzgoj-zitarica\/?lang=sr","name":"BEZBEDAN I EFIKASAN UZGOJ \u017dITARICA - web-sme-csp.com Serbia","isPartOf":{"@id":"https:\/\/web-sme-csp.com\/serbia\/#website"},"primaryImageOfPage":{"@id":"https:\/\/web-sme-csp.com\/serbia\/bezbedan-i-efikasan-uzgoj-zitarica\/?lang=sr#primaryimage"},"image":{"@id":"https:\/\/web-sme-csp.com\/serbia\/bezbedan-i-efikasan-uzgoj-zitarica\/?lang=sr#primaryimage"},"thumbnailUrl":"https:\/\/web-sme-csp.com\/serbia\/wp-content\/uploads\/sites\/8\/2022\/05\/grains.png","datePublished":"2022-05-17T08:38:34+00:00","dateModified":"2022-05-17T08:40:37+00:00","author":{"@id":"https:\/\/web-sme-csp.com\/serbia\/#\/schema\/person\/ccff2b6822231caadaca866c7bf28a76"},"breadcrumb":{"@id":"https:\/\/web-sme-csp.com\/serbia\/bezbedan-i-efikasan-uzgoj-zitarica\/?lang=sr#breadcrumb"},"inLanguage":"sr-RS","potentialAction":[{"@type":"ReadAction","target":["https:\/\/web-sme-csp.com\/serbia\/bezbedan-i-efikasan-uzgoj-zitarica\/?lang=sr"]}]},{"@type":"ImageObject","inLanguage":"sr-RS","@id":"https:\/\/web-sme-csp.com\/serbia\/bezbedan-i-efikasan-uzgoj-zitarica\/?lang=sr#primaryimage","url":"https:\/\/web-sme-csp.com\/serbia\/wp-content\/uploads\/sites\/8\/2022\/05\/grains.png","contentUrl":"https:\/\/web-sme-csp.com\/serbia\/wp-content\/uploads\/sites\/8\/2022\/05\/grains.png","width":244,"height":169},{"@type":"BreadcrumbList","@id":"https:\/\/web-sme-csp.com\/serbia\/bezbedan-i-efikasan-uzgoj-zitarica\/?lang=sr#breadcrumb","itemListElement":[{"@type":"ListItem","position":1,"name":"Home","item":"https:\/\/web-sme-csp.com\/serbia\/?lang=sr"},{"@type":"ListItem","position":2,"name":"BEZBEDAN I EFIKASAN UZGOJ \u017dITARICA"}]},{"@type":"WebSite","@id":"https:\/\/web-sme-csp.com\/serbia\/#website","url":"https:\/\/web-sme-csp.com\/serbia\/","name":"web-sme-csp.com Serbia","description":"Serbia","potentialAction":[{"@type":"SearchAction","target":{"@type":"EntryPoint","urlTemplate":"https:\/\/web-sme-csp.com\/serbia\/?s={search_term_string}"},"query-input":{"@type":"PropertyValueSpecification","valueRequired":true,"valueName":"search_term_string"}}],"inLanguage":"sr-RS"},{"@type":"Person","@id":"https:\/\/web-sme-csp.com\/serbia\/#\/schema\/person\/ccff2b6822231caadaca866c7bf28a76","name":"admin","image":{"@type":"ImageObject","inLanguage":"sr-RS","@id":"https:\/\/secure.gravatar.com\/avatar\/ab83f7ac52a92742f8915b650aae5f0b625bf3bf2a075d99817152c012d020bb?s=96&d=mm&r=g","url":"https:\/\/secure.gravatar.com\/avatar\/ab83f7ac52a92742f8915b650aae5f0b625bf3bf2a075d99817152c012d020bb?s=96&d=mm&r=g","contentUrl":"https:\/\/secure.gravatar.com\/avatar\/ab83f7ac52a92742f8915b650aae5f0b625bf3bf2a075d99817152c012d020bb?s=96&d=mm&r=g","caption":"admin"},"url":"https:\/\/web-sme-csp.com\/serbia\/sr\/author\/server_ph8150u1\/"}]}},"_links":{"self":[{"href":"https:\/\/web-sme-csp.com\/serbia\/sr\/wp-json\/wp\/v2\/posts\/1362","targetHints":{"allow":["GET"]}}],"collection":[{"href":"https:\/\/web-sme-csp.com\/serbia\/sr\/wp-json\/wp\/v2\/posts"}],"about":[{"href":"https:\/\/web-sme-csp.com\/serbia\/sr\/wp-json\/wp\/v2\/types\/post"}],"author":[{"embeddable":true,"href":"https:\/\/web-sme-csp.com\/serbia\/sr\/wp-json\/wp\/v2\/users\/1"}],"replies":[{"embeddable":true,"href":"https:\/\/web-sme-csp.com\/serbia\/sr\/wp-json\/wp\/v2\/comments?post=1362"}],"version-history":[{"count":7,"href":"https:\/\/web-sme-csp.com\/serbia\/sr\/wp-json\/wp\/v2\/posts\/1362\/revisions"}],"predecessor-version":[{"id":1369,"href":"https:\/\/web-sme-csp.com\/serbia\/sr\/wp-json\/wp\/v2\/posts\/1362\/revisions\/1369"}],"wp:featuredmedia":[{"embeddable":true,"href":"https:\/\/web-sme-csp.com\/serbia\/sr\/wp-json\/wp\/v2\/media\/1327"}],"wp:attachment":[{"href":"https:\/\/web-sme-csp.com\/serbia\/sr\/wp-json\/wp\/v2\/media?parent=1362"}],"wp:term":[{"taxonomy":"category","embeddable":true,"href":"https:\/\/web-sme-csp.com\/serbia\/sr\/wp-json\/wp\/v2\/categories?post=1362"},{"taxonomy":"post_tag","embeddable":true,"href":"https:\/\/web-sme-csp.com\/serbia\/sr\/wp-json\/wp\/v2\/tags?post=1362"}],"curies":[{"name":"wp","href":"https:\/\/api.w.org\/{rel}","templated":true}]}}