{"id":1140,"date":"2022-05-03T11:40:54","date_gmt":"2022-05-03T11:40:54","guid":{"rendered":"https:\/\/web-sme-csp.com\/serbia\/?p=1140"},"modified":"2022-05-03T11:44:48","modified_gmt":"2022-05-03T11:44:48","slug":"nastavlja-se-tradicija-duga-vise-od-100-godina","status":"publish","type":"post","link":"https:\/\/web-sme-csp.com\/serbia\/sr\/nastavlja-se-tradicija-duga-vise-od-100-godina\/","title":{"rendered":"NASTAVLJA SE TRADICIJA DUGA VI\u0160E OD 100 GODINA\u00a0\u00a0"},"content":{"rendered":"\t\t<div data-elementor-type=\"wp-post\" data-elementor-id=\"1140\" class=\"elementor elementor-1140\" data-elementor-post-type=\"post\">\n\t\t\t\t\t\t<section class=\"elementor-section elementor-top-section elementor-element elementor-element-40cf336 elementor-section-full_width elementor-section-height-default elementor-section-height-default\" data-id=\"40cf336\" data-element_type=\"section\" data-e-type=\"section\">\n\t\t\t\t\t\t<div class=\"elementor-container elementor-column-gap-no\">\n\t\t\t\t\t<div class=\"elementor-column elementor-col-100 elementor-top-column elementor-element elementor-element-a93a637\" data-id=\"a93a637\" data-element_type=\"column\" data-e-type=\"column\">\n\t\t\t<div class=\"elementor-widget-wrap elementor-element-populated\">\n\t\t\t\t\t\t<div class=\"elementor-element elementor-element-3c5705a elementor-skin-carousel elementor-widget elementor-widget-media-carousel\" data-id=\"3c5705a\" data-element_type=\"widget\" data-e-type=\"widget\" data-settings=\"{&quot;space_between&quot;:{&quot;unit&quot;:&quot;px&quot;,&quot;size&quot;:0,&quot;sizes&quot;:[]},&quot;skin&quot;:&quot;carousel&quot;,&quot;effect&quot;:&quot;slide&quot;,&quot;speed&quot;:500,&quot;autoplay&quot;:&quot;yes&quot;,&quot;autoplay_speed&quot;:5000,&quot;loop&quot;:&quot;yes&quot;,&quot;pause_on_hover&quot;:&quot;yes&quot;,&quot;pause_on_interaction&quot;:&quot;yes&quot;,&quot;space_between_tablet&quot;:{&quot;unit&quot;:&quot;px&quot;,&quot;size&quot;:10,&quot;sizes&quot;:[]},&quot;space_between_mobile&quot;:{&quot;unit&quot;:&quot;px&quot;,&quot;size&quot;:10,&quot;sizes&quot;:[]}}\" data-widget_type=\"media-carousel.default\">\n\t\t\t\t<div class=\"elementor-widget-container\">\n\t\t\t\t\t\t\t\t\t<div class=\"elementor-swiper\">\n\t\t\t\t\t<div class=\"elementor-main-swiper swiper\" role=\"region\" aria-roledescription=\"carousel\" aria-label=\"Slides\">\n\t\t\t\t<div class=\"swiper-wrapper\">\n\t\t\t\t\t\t\t\t\t\t\t<div class=\"swiper-slide\" role=\"group\" aria-roledescription=\"slide\">\n\t\t\t\t\t\t\t\t\t<div class=\"elementor-carousel-image\" role=\"img\" aria-label=\"Technology Selector\" style=\"background-image: url(&#039;https:\/\/westernbalkan.ybm.eu\/kosovo\/wp-content\/uploads\/sites\/3\/2019\/03\/395129-PCH2M7-589-e1552605691578.jpg&#039;)\">\n\n\t\t\t\n\t\t\t\t\t<\/div>\n\t\t\t\t\t\t\t\t<\/div>\n\t\t\t\t\t\t\t\t\t<\/div>\n\t\t\t\t\t\t\t<\/div>\n\t\t\t\t<\/div>\n\t\t\t\t\t\t\t\t<\/div>\n\t\t\t\t<\/div>\n\t\t\t\t\t<\/div>\n\t\t<\/div>\n\t\t\t\t\t<\/div>\n\t\t<\/section>\n\t\t\t\t<section class=\"elementor-section elementor-top-section elementor-element elementor-element-156ab3a elementor-section-content-middle elementor-section-boxed elementor-section-height-default elementor-section-height-default\" data-id=\"156ab3a\" data-element_type=\"section\" data-e-type=\"section\" data-settings=\"{&quot;background_background&quot;:&quot;classic&quot;}\">\n\t\t\t\t\t\t<div class=\"elementor-container elementor-column-gap-default\">\n\t\t\t\t\t<div class=\"elementor-column elementor-col-100 elementor-top-column elementor-element elementor-element-c6ab085\" data-id=\"c6ab085\" data-element_type=\"column\" data-e-type=\"column\" data-settings=\"{&quot;background_background&quot;:&quot;classic&quot;}\">\n\t\t\t<div class=\"elementor-widget-wrap elementor-element-populated\">\n\t\t\t\t\t\t<div class=\"elementor-element elementor-element-7cd3a35 elementor-widget elementor-widget-heading\" data-id=\"7cd3a35\" data-element_type=\"widget\" data-e-type=\"widget\" data-widget_type=\"heading.default\">\n\t\t\t\t<div class=\"elementor-widget-container\">\n\t\t\t\t\t<h1 class=\"elementor-heading-title elementor-size-default\">NASTAVLJA SE TRADICIJA DUGA VI\u0160E OD 100 GODINA\u00a0\u00a0<\/h1>\t\t\t\t<\/div>\n\t\t\t\t<\/div>\n\t\t\t\t\t<\/div>\n\t\t<\/div>\n\t\t\t\t\t<\/div>\n\t\t<\/section>\n\t\t\t\t<section class=\"elementor-section elementor-top-section elementor-element elementor-element-6829754 elementor-section-boxed elementor-section-height-default elementor-section-height-default\" data-id=\"6829754\" data-element_type=\"section\" data-e-type=\"section\">\n\t\t\t\t\t\t<div class=\"elementor-container elementor-column-gap-default\">\n\t\t\t\t\t<div class=\"elementor-column elementor-col-100 elementor-top-column elementor-element elementor-element-a3111af\" data-id=\"a3111af\" data-element_type=\"column\" data-e-type=\"column\">\n\t\t\t<div class=\"elementor-widget-wrap elementor-element-populated\">\n\t\t\t\t\t\t<section class=\"elementor-section elementor-inner-section elementor-element elementor-element-fddd586 elementor-section-boxed elementor-section-height-default elementor-section-height-default\" data-id=\"fddd586\" data-element_type=\"section\" data-e-type=\"section\">\n\t\t\t\t\t\t<div class=\"elementor-container elementor-column-gap-default\">\n\t\t\t\t\t<div class=\"elementor-column elementor-col-50 elementor-inner-column elementor-element elementor-element-87b13fb\" data-id=\"87b13fb\" data-element_type=\"column\" data-e-type=\"column\">\n\t\t\t<div class=\"elementor-widget-wrap elementor-element-populated\">\n\t\t\t\t\t\t<div class=\"elementor-element elementor-element-f5650f1 elementor-widget elementor-widget-text-editor\" data-id=\"f5650f1\" data-element_type=\"widget\" data-e-type=\"widget\" data-widget_type=\"text-editor.default\">\n\t\t\t\t<div class=\"elementor-widget-container\">\n\t\t\t\t\t\t\t\t\t<p>Kompanija Sunce Marinkovi\u0107 d.o.o. osnovana je 1929. godine kao mala porodi\u010dna radionica za \u010deli\u010dnu stolariju, kapije i ograde. Osniva\u010d Aleksandar Marinkovic\u0301 bio je poznati zanatlija \u010dije kapije i danas ulep\u0161avaju grad Kragujevac. Firma je dobila ime po simbolu sunca na kamenom mostu u centru Kragujevca koji je izra\u0111en u Marinkovi\u0107evoj radionici.<\/p><p>Zanatske tradicije i porodi\u010dne vrednosti prenosile su se generacijama u proteklih (skoro) 100 godina. Danas kompanija isporu\u010duje \u0161iroku paletu prozora, vrata, terasa, ograda itd. Iako je porodi\u010dno preduze\u0107e, ono zapo\u0161ljava preko 100 ljudi, uklju\u010dujuc\u0301i 20 visokokvalifikovanih menad\u017eera i preko 80 stru\u010dnih majstora.<\/p><p>Kompanija izvozi na evropska tr\u017ei\u0161ta. Kako bi povec\u0301ali kvalitet proizvoda na domac\u0301em tr\u017ei\u0161tu, ali i pro\u0161irili svoje izvozno poslovanje i zadovoljili zahteve svojih novih i buduc\u0301ih evropskih klijenata, kompanija je unapredila neke od svojih ma\u0161ina.<\/p><p>Kompanija Sunce je investirala u vi\u0161eoperativne obradne centre koji optimizuju upotrebu profila i posledi\u010dno smanjuju otpad od profila. Pored toga, ekolo\u0161ka uskla\u0111enost se posti\u017ee pobolj\u0161anjima u emisiji u vazduh i upravljanju otpadom. Nova ma\u0161ina sa vi\u0161e operacija tako\u0111e pobolj\u0161ava bezbednost rukovaoca, zbog vi\u0161eg nivoa automatizacije. PVC profili, u okvirima vrata i prozora, imaju bolji kvalitet povr\u0161ina, posebno u pogledu uglova okvira i nakon bu\u0161enja.<\/p><p>Nakon uspe\u0161ne verifikacije projekta, kompanija Sunce Marinkovic\u0301 je dobila povrat od 15% granta koji finansira Evropska unija. Kompanija sada ispunjava \u0161irok spektar EU direktiva o zdravlju i bezbednosti na radu i ma\u0161inama, uklju\u010dujuc\u0301i:<\/p><ul><li>Direktiva 2009\/104\/EC vezano za kori\u0161c\u0301enje radne opreme od strane radnika<\/li><li>Direktiva 2003\/10\/EC &#8211; Minimalni zdravstveni i bezbednosni zahtevi u vezi sa izlo\u017eeno\u0161c\u0301u radnika rizicima koji proisti\u010du od fizi\u010dkih agenasa (buke)<\/li><li>Direktiva 2008\/98\/EC Evropskog parlamenta i Saveta od 19. novembra 2008. o otpadu i stavljanju van snage odre\u0111enih direktiva (Tekst koji je relevantan za EEA) (otpad)<\/li><li>Direktiva 2010\/75\/EU o industrijskim emisijama (integrisana prevencija i kontrola zaga\u0111enja), preina\u010den, Tekst koji je relevantan za EEA<\/li><\/ul>\t\t\t\t\t\t\t\t<\/div>\n\t\t\t\t<\/div>\n\t\t\t\t\t<\/div>\n\t\t<\/div>\n\t\t\t\t<div class=\"elementor-column elementor-col-50 elementor-inner-column elementor-element elementor-element-de14515\" data-id=\"de14515\" data-element_type=\"column\" data-e-type=\"column\">\n\t\t\t<div class=\"elementor-widget-wrap elementor-element-populated\">\n\t\t\t\t\t\t<div class=\"elementor-element elementor-element-76863eb elementor-widget elementor-widget-spacer\" data-id=\"76863eb\" data-element_type=\"widget\" data-e-type=\"widget\" data-widget_type=\"spacer.default\">\n\t\t\t\t<div class=\"elementor-widget-container\">\n\t\t\t\t\t\t\t<div class=\"elementor-spacer\">\n\t\t\t<div class=\"elementor-spacer-inner\"><\/div>\n\t\t<\/div>\n\t\t\t\t\t\t<\/div>\n\t\t\t\t<\/div>\n\t\t\t\t<div class=\"elementor-element elementor-element-aab0bc0 elementor-widget elementor-widget-text-editor\" data-id=\"aab0bc0\" data-element_type=\"widget\" data-e-type=\"widget\" data-widget_type=\"text-editor.default\">\n\t\t\t\t<div class=\"elementor-widget-container\">\n\t\t\t\t\t\t\t\t\t<table><tbody><tr><td width=\"92\"><h4><strong>Iznos kredita<\/strong><\/h4><\/td><td width=\"138\"><p><strong>296,742 EUR<\/strong><\/p><\/td><\/tr><tr><td width=\"92\"><h4><strong>Iznos granta<\/strong><\/h4><\/td><td width=\"138\"><p><strong>44,511 EUR<\/strong><\/p><\/td><\/tr><tr><td width=\"92\"><h4><strong>EU direktiva<\/strong><\/h4><\/td><td width=\"138\"><h4>Direktive o ma\u0161inama, zdravlju i bezbednosti, Eko dizajn<\/h4><\/td><\/tr><tr><td width=\"92\"><h4><strong>Investirano u<\/strong><\/h4><h4><strong>\u00a0<\/strong><\/h4><\/td><td width=\"138\"><h4>Centar za obradu profila, automatizovani centar za se\u010denje i ma\u0161insku obradu, ma\u0161ina za uvrtanje profila sa trostrukim bu\u0161enjem<\/h4><\/td><\/tr><\/tbody><\/table><p>\u00a0<\/p>\t\t\t\t\t\t\t\t<\/div>\n\t\t\t\t<\/div>\n\t\t\t\t\t<\/div>\n\t\t<\/div>\n\t\t\t\t\t<\/div>\n\t\t<\/section>\n\t\t\t\t\t<\/div>\n\t\t<\/div>\n\t\t\t\t\t<\/div>\n\t\t<\/section>\n\t\t\t\t<\/div>\n\t\t","protected":false},"excerpt":{"rendered":"<p>Kompanija Sunce Marinkovi\u0107 d.o.o. osnovana je 1929. godine kao mala porodi\u010dna radionica za \u010deli\u010dnu stolariju, kapije i ograde.<br \/>\n<br \/>\n<a href=\"\/serbia\/nastavlja-se-tradicija-duga-vise-od-100-godina\/?lang=sr\" class=\"elementor-button cust-button\" role=\"button\">\u041e\u043f\u0448\u0438\u0440\u043d\u0438\u0458\u0435<\/a><a href=\"\/serbia\/wp-content\/uploads\/sites\/8\/2022\/05\/WEB-Serbia-SUCCESS-Sunce-spr.pdf\" class=\"elementor-button cust-button\" role=\"button\">Preuzimanja<\/a><\/p>\n","protected":false},"author":1,"featured_media":1121,"comment_status":"closed","ping_status":"open","sticky":false,"template":"elementor_header_footer","format":"standard","meta":{"footnotes":""},"categories":[6],"tags":[],"class_list":["post-1140","post","type-post","status-publish","format-standard","has-post-thumbnail","hentry","category-success-storys"],"yoast_head":"<!-- This site is optimized with the Yoast SEO plugin v27.5 - https:\/\/yoast.com\/product\/yoast-seo-wordpress\/ -->\n<title>NASTAVLJA SE TRADICIJA DUGA VI\u0160E OD 100 GODINA\u00a0\u00a0 - web-sme-csp.com Serbia<\/title>\n<meta name=\"robots\" content=\"index, follow, max-snippet:-1, max-image-preview:large, max-video-preview:-1\" \/>\n<link rel=\"canonical\" href=\"https:\/\/web-sme-csp.com\/serbia\/nastavlja-se-tradicija-duga-vise-od-100-godina\/?lang=sr\" \/>\n<meta property=\"og:locale\" content=\"sr_RS\" \/>\n<meta property=\"og:type\" content=\"article\" \/>\n<meta property=\"og:title\" content=\"NASTAVLJA SE TRADICIJA DUGA VI\u0160E OD 100 GODINA\u00a0\u00a0 - web-sme-csp.com Serbia\" \/>\n<meta property=\"og:description\" content=\"Kompanija Sunce Marinkovi\u0107 d.o.o. osnovana je 1929. godine kao mala porodi\u010dna radionica za \u010deli\u010dnu stolariju, kapije i ograde. \u041e\u043f\u0448\u0438\u0440\u043d\u0438\u0458\u0435Preuzimanja\" \/>\n<meta property=\"og:url\" content=\"https:\/\/web-sme-csp.com\/serbia\/nastavlja-se-tradicija-duga-vise-od-100-godina\/?lang=sr\" \/>\n<meta property=\"og:site_name\" content=\"web-sme-csp.com Serbia\" \/>\n<meta property=\"article:publisher\" content=\"https:\/\/www.facebook.com\/Program-Za-Poveanje-Konkurentnosti-MSP-117944216282301\/?modal=admin_todo_tour\" \/>\n<meta property=\"article:published_time\" content=\"2022-05-03T11:40:54+00:00\" \/>\n<meta property=\"article:modified_time\" content=\"2022-05-03T11:44:48+00:00\" \/>\n<meta property=\"og:image\" content=\"https:\/\/web-sme-csp.com\/serbia\/wp-content\/uploads\/sites\/8\/2022\/05\/years-1.png\" \/>\n\t<meta property=\"og:image:width\" content=\"368\" \/>\n\t<meta property=\"og:image:height\" content=\"254\" \/>\n\t<meta property=\"og:image:type\" content=\"image\/png\" \/>\n<meta name=\"author\" content=\"admin\" \/>\n<meta name=\"twitter:card\" content=\"summary_large_image\" \/>\n<meta name=\"twitter:label1\" content=\"\u041d\u0430\u043f\u0438\u0441\u0430\u043d\u043e \u043e\u0434\" \/>\n\t<meta name=\"twitter:data1\" content=\"admin\" \/>\n\t<meta name=\"twitter:label2\" content=\"\u041f\u0440\u043e\u0446\u0435\u045a\u0435\u043d\u043e \u0432\u0440\u0435\u043c\u0435 \u0447\u0438\u0442\u0430\u045a\u0430\" \/>\n\t<meta name=\"twitter:data2\" content=\"2 \u043c\u0438\u043d\u0443\u0442\u0430\" \/>\n<script type=\"application\/ld+json\" class=\"yoast-schema-graph\">{\"@context\":\"https:\\\/\\\/schema.org\",\"@graph\":[{\"@type\":\"Article\",\"@id\":\"https:\\\/\\\/web-sme-csp.com\\\/serbia\\\/nastavlja-se-tradicija-duga-vise-od-100-godina\\\/?lang=sr#article\",\"isPartOf\":{\"@id\":\"https:\\\/\\\/web-sme-csp.com\\\/serbia\\\/nastavlja-se-tradicija-duga-vise-od-100-godina\\\/?lang=sr\"},\"author\":{\"name\":\"admin\",\"@id\":\"https:\\\/\\\/web-sme-csp.com\\\/serbia\\\/#\\\/schema\\\/person\\\/ccff2b6822231caadaca866c7bf28a76\"},\"headline\":\"NASTAVLJA SE TRADICIJA DUGA VI\u0160E OD 100 GODINA\u00a0\u00a0\",\"datePublished\":\"2022-05-03T11:40:54+00:00\",\"dateModified\":\"2022-05-03T11:44:48+00:00\",\"mainEntityOfPage\":{\"@id\":\"https:\\\/\\\/web-sme-csp.com\\\/serbia\\\/nastavlja-se-tradicija-duga-vise-od-100-godina\\\/?lang=sr\"},\"wordCount\":390,\"image\":{\"@id\":\"https:\\\/\\\/web-sme-csp.com\\\/serbia\\\/nastavlja-se-tradicija-duga-vise-od-100-godina\\\/?lang=sr#primaryimage\"},\"thumbnailUrl\":\"https:\\\/\\\/web-sme-csp.com\\\/serbia\\\/wp-content\\\/uploads\\\/sites\\\/8\\\/2022\\\/05\\\/years-1.png\",\"articleSection\":[\"Success Storys\"],\"inLanguage\":\"sr-RS\"},{\"@type\":\"WebPage\",\"@id\":\"https:\\\/\\\/web-sme-csp.com\\\/serbia\\\/nastavlja-se-tradicija-duga-vise-od-100-godina\\\/?lang=sr\",\"url\":\"https:\\\/\\\/web-sme-csp.com\\\/serbia\\\/nastavlja-se-tradicija-duga-vise-od-100-godina\\\/?lang=sr\",\"name\":\"NASTAVLJA SE TRADICIJA DUGA VI\u0160E OD 100 GODINA\u00a0\u00a0 - web-sme-csp.com Serbia\",\"isPartOf\":{\"@id\":\"https:\\\/\\\/web-sme-csp.com\\\/serbia\\\/#website\"},\"primaryImageOfPage\":{\"@id\":\"https:\\\/\\\/web-sme-csp.com\\\/serbia\\\/nastavlja-se-tradicija-duga-vise-od-100-godina\\\/?lang=sr#primaryimage\"},\"image\":{\"@id\":\"https:\\\/\\\/web-sme-csp.com\\\/serbia\\\/nastavlja-se-tradicija-duga-vise-od-100-godina\\\/?lang=sr#primaryimage\"},\"thumbnailUrl\":\"https:\\\/\\\/web-sme-csp.com\\\/serbia\\\/wp-content\\\/uploads\\\/sites\\\/8\\\/2022\\\/05\\\/years-1.png\",\"datePublished\":\"2022-05-03T11:40:54+00:00\",\"dateModified\":\"2022-05-03T11:44:48+00:00\",\"author\":{\"@id\":\"https:\\\/\\\/web-sme-csp.com\\\/serbia\\\/#\\\/schema\\\/person\\\/ccff2b6822231caadaca866c7bf28a76\"},\"breadcrumb\":{\"@id\":\"https:\\\/\\\/web-sme-csp.com\\\/serbia\\\/nastavlja-se-tradicija-duga-vise-od-100-godina\\\/?lang=sr#breadcrumb\"},\"inLanguage\":\"sr-RS\",\"potentialAction\":[{\"@type\":\"ReadAction\",\"target\":[\"https:\\\/\\\/web-sme-csp.com\\\/serbia\\\/nastavlja-se-tradicija-duga-vise-od-100-godina\\\/?lang=sr\"]}]},{\"@type\":\"ImageObject\",\"inLanguage\":\"sr-RS\",\"@id\":\"https:\\\/\\\/web-sme-csp.com\\\/serbia\\\/nastavlja-se-tradicija-duga-vise-od-100-godina\\\/?lang=sr#primaryimage\",\"url\":\"https:\\\/\\\/web-sme-csp.com\\\/serbia\\\/wp-content\\\/uploads\\\/sites\\\/8\\\/2022\\\/05\\\/years-1.png\",\"contentUrl\":\"https:\\\/\\\/web-sme-csp.com\\\/serbia\\\/wp-content\\\/uploads\\\/sites\\\/8\\\/2022\\\/05\\\/years-1.png\",\"width\":368,\"height\":254},{\"@type\":\"BreadcrumbList\",\"@id\":\"https:\\\/\\\/web-sme-csp.com\\\/serbia\\\/nastavlja-se-tradicija-duga-vise-od-100-godina\\\/?lang=sr#breadcrumb\",\"itemListElement\":[{\"@type\":\"ListItem\",\"position\":1,\"name\":\"Home\",\"item\":\"https:\\\/\\\/web-sme-csp.com\\\/serbia\\\/?lang=sr\"},{\"@type\":\"ListItem\",\"position\":2,\"name\":\"NASTAVLJA SE TRADICIJA DUGA VI\u0160E OD 100 GODINA\u00a0\u00a0\"}]},{\"@type\":\"WebSite\",\"@id\":\"https:\\\/\\\/web-sme-csp.com\\\/serbia\\\/#website\",\"url\":\"https:\\\/\\\/web-sme-csp.com\\\/serbia\\\/\",\"name\":\"web-sme-csp.com Serbia\",\"description\":\"Serbia\",\"potentialAction\":[{\"@type\":\"SearchAction\",\"target\":{\"@type\":\"EntryPoint\",\"urlTemplate\":\"https:\\\/\\\/web-sme-csp.com\\\/serbia\\\/?s={search_term_string}\"},\"query-input\":{\"@type\":\"PropertyValueSpecification\",\"valueRequired\":true,\"valueName\":\"search_term_string\"}}],\"inLanguage\":\"sr-RS\"},{\"@type\":\"Person\",\"@id\":\"https:\\\/\\\/web-sme-csp.com\\\/serbia\\\/#\\\/schema\\\/person\\\/ccff2b6822231caadaca866c7bf28a76\",\"name\":\"admin\",\"image\":{\"@type\":\"ImageObject\",\"inLanguage\":\"sr-RS\",\"@id\":\"https:\\\/\\\/secure.gravatar.com\\\/avatar\\\/ab83f7ac52a92742f8915b650aae5f0b625bf3bf2a075d99817152c012d020bb?s=96&d=mm&r=g\",\"url\":\"https:\\\/\\\/secure.gravatar.com\\\/avatar\\\/ab83f7ac52a92742f8915b650aae5f0b625bf3bf2a075d99817152c012d020bb?s=96&d=mm&r=g\",\"contentUrl\":\"https:\\\/\\\/secure.gravatar.com\\\/avatar\\\/ab83f7ac52a92742f8915b650aae5f0b625bf3bf2a075d99817152c012d020bb?s=96&d=mm&r=g\",\"caption\":\"admin\"},\"url\":\"https:\\\/\\\/web-sme-csp.com\\\/serbia\\\/sr\\\/author\\\/server_ph8150u1\\\/\"}]}<\/script>\n<!-- \/ Yoast SEO plugin. -->","yoast_head_json":{"title":"NASTAVLJA SE TRADICIJA DUGA VI\u0160E OD 100 GODINA\u00a0\u00a0 - web-sme-csp.com Serbia","robots":{"index":"index","follow":"follow","max-snippet":"max-snippet:-1","max-image-preview":"max-image-preview:large","max-video-preview":"max-video-preview:-1"},"canonical":"https:\/\/web-sme-csp.com\/serbia\/nastavlja-se-tradicija-duga-vise-od-100-godina\/?lang=sr","og_locale":"sr_RS","og_type":"article","og_title":"NASTAVLJA SE TRADICIJA DUGA VI\u0160E OD 100 GODINA\u00a0\u00a0 - web-sme-csp.com Serbia","og_description":"Kompanija Sunce Marinkovi\u0107 d.o.o. osnovana je 1929. godine kao mala porodi\u010dna radionica za \u010deli\u010dnu stolariju, kapije i ograde. \u041e\u043f\u0448\u0438\u0440\u043d\u0438\u0458\u0435Preuzimanja","og_url":"https:\/\/web-sme-csp.com\/serbia\/nastavlja-se-tradicija-duga-vise-od-100-godina\/?lang=sr","og_site_name":"web-sme-csp.com Serbia","article_publisher":"https:\/\/www.facebook.com\/Program-Za-Poveanje-Konkurentnosti-MSP-117944216282301\/?modal=admin_todo_tour","article_published_time":"2022-05-03T11:40:54+00:00","article_modified_time":"2022-05-03T11:44:48+00:00","og_image":[{"width":368,"height":254,"url":"https:\/\/web-sme-csp.com\/serbia\/wp-content\/uploads\/sites\/8\/2022\/05\/years-1.png","type":"image\/png"}],"author":"admin","twitter_card":"summary_large_image","twitter_misc":{"\u041d\u0430\u043f\u0438\u0441\u0430\u043d\u043e \u043e\u0434":"admin","\u041f\u0440\u043e\u0446\u0435\u045a\u0435\u043d\u043e \u0432\u0440\u0435\u043c\u0435 \u0447\u0438\u0442\u0430\u045a\u0430":"2 \u043c\u0438\u043d\u0443\u0442\u0430"},"schema":{"@context":"https:\/\/schema.org","@graph":[{"@type":"Article","@id":"https:\/\/web-sme-csp.com\/serbia\/nastavlja-se-tradicija-duga-vise-od-100-godina\/?lang=sr#article","isPartOf":{"@id":"https:\/\/web-sme-csp.com\/serbia\/nastavlja-se-tradicija-duga-vise-od-100-godina\/?lang=sr"},"author":{"name":"admin","@id":"https:\/\/web-sme-csp.com\/serbia\/#\/schema\/person\/ccff2b6822231caadaca866c7bf28a76"},"headline":"NASTAVLJA SE TRADICIJA DUGA VI\u0160E OD 100 GODINA\u00a0\u00a0","datePublished":"2022-05-03T11:40:54+00:00","dateModified":"2022-05-03T11:44:48+00:00","mainEntityOfPage":{"@id":"https:\/\/web-sme-csp.com\/serbia\/nastavlja-se-tradicija-duga-vise-od-100-godina\/?lang=sr"},"wordCount":390,"image":{"@id":"https:\/\/web-sme-csp.com\/serbia\/nastavlja-se-tradicija-duga-vise-od-100-godina\/?lang=sr#primaryimage"},"thumbnailUrl":"https:\/\/web-sme-csp.com\/serbia\/wp-content\/uploads\/sites\/8\/2022\/05\/years-1.png","articleSection":["Success Storys"],"inLanguage":"sr-RS"},{"@type":"WebPage","@id":"https:\/\/web-sme-csp.com\/serbia\/nastavlja-se-tradicija-duga-vise-od-100-godina\/?lang=sr","url":"https:\/\/web-sme-csp.com\/serbia\/nastavlja-se-tradicija-duga-vise-od-100-godina\/?lang=sr","name":"NASTAVLJA SE TRADICIJA DUGA VI\u0160E OD 100 GODINA\u00a0\u00a0 - web-sme-csp.com Serbia","isPartOf":{"@id":"https:\/\/web-sme-csp.com\/serbia\/#website"},"primaryImageOfPage":{"@id":"https:\/\/web-sme-csp.com\/serbia\/nastavlja-se-tradicija-duga-vise-od-100-godina\/?lang=sr#primaryimage"},"image":{"@id":"https:\/\/web-sme-csp.com\/serbia\/nastavlja-se-tradicija-duga-vise-od-100-godina\/?lang=sr#primaryimage"},"thumbnailUrl":"https:\/\/web-sme-csp.com\/serbia\/wp-content\/uploads\/sites\/8\/2022\/05\/years-1.png","datePublished":"2022-05-03T11:40:54+00:00","dateModified":"2022-05-03T11:44:48+00:00","author":{"@id":"https:\/\/web-sme-csp.com\/serbia\/#\/schema\/person\/ccff2b6822231caadaca866c7bf28a76"},"breadcrumb":{"@id":"https:\/\/web-sme-csp.com\/serbia\/nastavlja-se-tradicija-duga-vise-od-100-godina\/?lang=sr#breadcrumb"},"inLanguage":"sr-RS","potentialAction":[{"@type":"ReadAction","target":["https:\/\/web-sme-csp.com\/serbia\/nastavlja-se-tradicija-duga-vise-od-100-godina\/?lang=sr"]}]},{"@type":"ImageObject","inLanguage":"sr-RS","@id":"https:\/\/web-sme-csp.com\/serbia\/nastavlja-se-tradicija-duga-vise-od-100-godina\/?lang=sr#primaryimage","url":"https:\/\/web-sme-csp.com\/serbia\/wp-content\/uploads\/sites\/8\/2022\/05\/years-1.png","contentUrl":"https:\/\/web-sme-csp.com\/serbia\/wp-content\/uploads\/sites\/8\/2022\/05\/years-1.png","width":368,"height":254},{"@type":"BreadcrumbList","@id":"https:\/\/web-sme-csp.com\/serbia\/nastavlja-se-tradicija-duga-vise-od-100-godina\/?lang=sr#breadcrumb","itemListElement":[{"@type":"ListItem","position":1,"name":"Home","item":"https:\/\/web-sme-csp.com\/serbia\/?lang=sr"},{"@type":"ListItem","position":2,"name":"NASTAVLJA SE TRADICIJA DUGA VI\u0160E OD 100 GODINA\u00a0\u00a0"}]},{"@type":"WebSite","@id":"https:\/\/web-sme-csp.com\/serbia\/#website","url":"https:\/\/web-sme-csp.com\/serbia\/","name":"web-sme-csp.com Serbia","description":"Serbia","potentialAction":[{"@type":"SearchAction","target":{"@type":"EntryPoint","urlTemplate":"https:\/\/web-sme-csp.com\/serbia\/?s={search_term_string}"},"query-input":{"@type":"PropertyValueSpecification","valueRequired":true,"valueName":"search_term_string"}}],"inLanguage":"sr-RS"},{"@type":"Person","@id":"https:\/\/web-sme-csp.com\/serbia\/#\/schema\/person\/ccff2b6822231caadaca866c7bf28a76","name":"admin","image":{"@type":"ImageObject","inLanguage":"sr-RS","@id":"https:\/\/secure.gravatar.com\/avatar\/ab83f7ac52a92742f8915b650aae5f0b625bf3bf2a075d99817152c012d020bb?s=96&d=mm&r=g","url":"https:\/\/secure.gravatar.com\/avatar\/ab83f7ac52a92742f8915b650aae5f0b625bf3bf2a075d99817152c012d020bb?s=96&d=mm&r=g","contentUrl":"https:\/\/secure.gravatar.com\/avatar\/ab83f7ac52a92742f8915b650aae5f0b625bf3bf2a075d99817152c012d020bb?s=96&d=mm&r=g","caption":"admin"},"url":"https:\/\/web-sme-csp.com\/serbia\/sr\/author\/server_ph8150u1\/"}]}},"_links":{"self":[{"href":"https:\/\/web-sme-csp.com\/serbia\/sr\/wp-json\/wp\/v2\/posts\/1140","targetHints":{"allow":["GET"]}}],"collection":[{"href":"https:\/\/web-sme-csp.com\/serbia\/sr\/wp-json\/wp\/v2\/posts"}],"about":[{"href":"https:\/\/web-sme-csp.com\/serbia\/sr\/wp-json\/wp\/v2\/types\/post"}],"author":[{"embeddable":true,"href":"https:\/\/web-sme-csp.com\/serbia\/sr\/wp-json\/wp\/v2\/users\/1"}],"replies":[{"embeddable":true,"href":"https:\/\/web-sme-csp.com\/serbia\/sr\/wp-json\/wp\/v2\/comments?post=1140"}],"version-history":[{"count":15,"href":"https:\/\/web-sme-csp.com\/serbia\/sr\/wp-json\/wp\/v2\/posts\/1140\/revisions"}],"predecessor-version":[{"id":1348,"href":"https:\/\/web-sme-csp.com\/serbia\/sr\/wp-json\/wp\/v2\/posts\/1140\/revisions\/1348"}],"wp:featuredmedia":[{"embeddable":true,"href":"https:\/\/web-sme-csp.com\/serbia\/sr\/wp-json\/wp\/v2\/media\/1121"}],"wp:attachment":[{"href":"https:\/\/web-sme-csp.com\/serbia\/sr\/wp-json\/wp\/v2\/media?parent=1140"}],"wp:term":[{"taxonomy":"category","embeddable":true,"href":"https:\/\/web-sme-csp.com\/serbia\/sr\/wp-json\/wp\/v2\/categories?post=1140"},{"taxonomy":"post_tag","embeddable":true,"href":"https:\/\/web-sme-csp.com\/serbia\/sr\/wp-json\/wp\/v2\/tags?post=1140"}],"curies":[{"name":"wp","href":"https:\/\/api.w.org\/{rel}","templated":true}]}}