{"id":1293,"date":"2021-05-11T14:11:24","date_gmt":"2021-05-11T14:11:24","guid":{"rendered":"https:\/\/web-sme-csp.com\/kosovo\/?p=1293"},"modified":"2021-05-11T14:26:09","modified_gmt":"2021-05-11T14:26:09","slug":"zgjerimi-i-biznesit-duke-u-kujdesur-per-mjedisin","status":"publish","type":"post","link":"https:\/\/web-sme-csp.com\/kosovo\/xk\/2021\/05\/11\/zgjerimi-i-biznesit-duke-u-kujdesur-per-mjedisin\/","title":{"rendered":"zgjerimi i biznesit duke u kujdesur p\u00ebr mjedisin"},"content":{"rendered":"\t\t<div data-elementor-type=\"wp-post\" data-elementor-id=\"1293\" class=\"elementor elementor-1293\" data-elementor-post-type=\"post\">\n\t\t\t\t\t\t<section class=\"elementor-section elementor-top-section elementor-element elementor-element-ae2ce91 elementor-section-full_width elementor-section-height-default elementor-section-height-default\" data-id=\"ae2ce91\" data-element_type=\"section\" data-e-type=\"section\">\n\t\t\t\t\t\t<div class=\"elementor-container elementor-column-gap-no\">\n\t\t\t\t\t<div class=\"elementor-column elementor-col-100 elementor-top-column elementor-element elementor-element-b719901\" data-id=\"b719901\" data-element_type=\"column\" data-e-type=\"column\">\n\t\t\t<div class=\"elementor-widget-wrap elementor-element-populated\">\n\t\t\t\t\t\t<div class=\"elementor-element elementor-element-8c5d772 elementor-skin-carousel elementor-widget elementor-widget-media-carousel\" data-id=\"8c5d772\" data-element_type=\"widget\" data-e-type=\"widget\" data-settings=\"{&quot;space_between&quot;:{&quot;unit&quot;:&quot;px&quot;,&quot;size&quot;:0,&quot;sizes&quot;:[]},&quot;skin&quot;:&quot;carousel&quot;,&quot;effect&quot;:&quot;slide&quot;,&quot;speed&quot;:500,&quot;autoplay&quot;:&quot;yes&quot;,&quot;autoplay_speed&quot;:5000,&quot;loop&quot;:&quot;yes&quot;,&quot;pause_on_hover&quot;:&quot;yes&quot;,&quot;pause_on_interaction&quot;:&quot;yes&quot;,&quot;space_between_tablet&quot;:{&quot;unit&quot;:&quot;px&quot;,&quot;size&quot;:10,&quot;sizes&quot;:[]},&quot;space_between_mobile&quot;:{&quot;unit&quot;:&quot;px&quot;,&quot;size&quot;:10,&quot;sizes&quot;:[]}}\" data-widget_type=\"media-carousel.default\">\n\t\t\t\t<div class=\"elementor-widget-container\">\n\t\t\t\t\t\t\t\t\t<div class=\"elementor-swiper\">\n\t\t\t\t\t<div class=\"elementor-main-swiper swiper\" role=\"region\" aria-roledescription=\"carousel\" aria-label=\"Slides\">\n\t\t\t\t<div class=\"swiper-wrapper\">\n\t\t\t\t\t\t\t\t\t\t\t<div class=\"swiper-slide\" role=\"group\" aria-roledescription=\"slide\">\n\t\t\t\t\t\t\t\t\t<div class=\"elementor-carousel-image\" role=\"img\" aria-label=\"395129-PCH2M7-589\" style=\"background-image: url(&#039;https:\/\/web-sme-csp.com\/kosovo\/wp-content\/uploads\/sites\/3\/2019\/03\/395129-PCH2M7-589-e1552605691578.jpg&#039;)\">\n\n\t\t\t\n\t\t\t\t\t<\/div>\n\t\t\t\t\t\t\t\t<\/div>\n\t\t\t\t\t\t\t\t\t<\/div>\n\t\t\t\t\t\t\t<\/div>\n\t\t\t\t<\/div>\n\t\t\t\t\t\t\t\t<\/div>\n\t\t\t\t<\/div>\n\t\t\t\t\t<\/div>\n\t\t<\/div>\n\t\t\t\t\t<\/div>\n\t\t<\/section>\n\t\t\t\t<section class=\"elementor-section elementor-top-section elementor-element elementor-element-3f254e7 elementor-section-content-middle elementor-section-boxed elementor-section-height-default elementor-section-height-default\" data-id=\"3f254e7\" data-element_type=\"section\" data-e-type=\"section\" data-settings=\"{&quot;background_background&quot;:&quot;classic&quot;}\">\n\t\t\t\t\t\t<div class=\"elementor-container elementor-column-gap-default\">\n\t\t\t\t\t<div class=\"elementor-column elementor-col-100 elementor-top-column elementor-element elementor-element-20c7012\" data-id=\"20c7012\" data-element_type=\"column\" data-e-type=\"column\" data-settings=\"{&quot;background_background&quot;:&quot;classic&quot;}\">\n\t\t\t<div class=\"elementor-widget-wrap elementor-element-populated\">\n\t\t\t\t\t\t<div class=\"elementor-element elementor-element-9155a71 elementor-widget elementor-widget-heading\" data-id=\"9155a71\" data-element_type=\"widget\" data-e-type=\"widget\" data-widget_type=\"heading.default\">\n\t\t\t\t<div class=\"elementor-widget-container\">\n\t\t\t\t\t<h1 class=\"elementor-heading-title elementor-size-default\">zgjerimi i biznesit duke u kujdesur p\u00ebr mjedisin<\/h1>\t\t\t\t<\/div>\n\t\t\t\t<\/div>\n\t\t\t\t\t<\/div>\n\t\t<\/div>\n\t\t\t\t\t<\/div>\n\t\t<\/section>\n\t\t\t\t<section class=\"elementor-section elementor-top-section elementor-element elementor-element-a1279ac elementor-section-boxed elementor-section-height-default elementor-section-height-default\" data-id=\"a1279ac\" data-element_type=\"section\" data-e-type=\"section\">\n\t\t\t\t\t\t<div class=\"elementor-container elementor-column-gap-default\">\n\t\t\t\t\t<div class=\"elementor-column elementor-col-100 elementor-top-column elementor-element elementor-element-7afb531\" data-id=\"7afb531\" data-element_type=\"column\" data-e-type=\"column\">\n\t\t\t<div class=\"elementor-widget-wrap elementor-element-populated\">\n\t\t\t\t\t\t<section class=\"elementor-section elementor-inner-section elementor-element elementor-element-08f82ba elementor-section-boxed elementor-section-height-default elementor-section-height-default\" data-id=\"08f82ba\" data-element_type=\"section\" data-e-type=\"section\">\n\t\t\t\t\t\t<div class=\"elementor-container elementor-column-gap-default\">\n\t\t\t\t\t<div class=\"elementor-column elementor-col-50 elementor-inner-column elementor-element elementor-element-cb99157\" data-id=\"cb99157\" data-element_type=\"column\" data-e-type=\"column\">\n\t\t\t<div class=\"elementor-widget-wrap elementor-element-populated\">\n\t\t\t\t\t\t<div class=\"elementor-element elementor-element-7970b37 elementor-widget elementor-widget-text-editor\" data-id=\"7970b37\" data-element_type=\"widget\" data-e-type=\"widget\" data-widget_type=\"text-editor.default\">\n\t\t\t\t<div class=\"elementor-widget-container\">\n\t\t\t\t\t\t\t\t\t<p><strong>Flexograf SH.P.K<\/strong>.\u00ebsht\u00eb nj\u00eb kompani e specializuar n\u00eb industrin\u00eb e printimit dhe flexo-printimit. E themeluar n\u00eb vitin 2012, kompania \u00ebsht\u00eb b\u00ebr\u00eb nj\u00eb konkurrente e njohur n\u00eb tregun e sh\u00ebrbimeve t\u00eb shtypjes. Kompania ofron nj\u00eb larmi t\u00eb gjer\u00eb printimit n\u00eb paketim, \u00a0etiketave vet\u00eb-ngjit\u00ebse, etiketa t\u00eb mb\u00ebshtjellura dhe produkte t\u00eb ngjashme t\u00eb printuara p\u00ebr industrit\u00eb ushqimore dhe jo-ushqimore. Ka pes\u00eb departamente (dizenjimi, p\u00ebrgatitja e klisheve, shtypja, pet\u00ebzimi dhe prerja) dhe operon aktivitetet e saj n\u00eb nj\u00eb lokacion t\u00eb ri prodhimi me 5,000 m2. Kompania investon n\u00eb teknologjit\u00eb m\u00eb t\u00eb fundit, n\u00eb marketing por edhe n\u00eb zhvillimin profesional t\u00eb 45 punonj\u00ebsve t\u00eb saj. Stafi \u00ebsht\u00eb kreativ dhe profesional, i gatsh\u00ebm p\u00ebr t\u2019i udh\u00ebzuar klient\u00ebt n\u00eb zhvillimin e paketimit q\u00eb pasqyron nevojat dhe specifikimet e produktit, t\u00eb dizajnuara p\u00ebr t\u00eb nxjerr\u00eb n\u00eb pah pozicionimin e favorsh\u00ebm t\u00eb \u00e7do lloj produkti dhe duke u prodhuar me standardet m\u00eb t\u00eb larta t\u00eb cil\u00ebsis\u00eb.<\/p><p>Gjat\u00eb dy viteve t\u00eb fundit, k\u00ebrkesa p\u00ebr produktet e Flexograf u rrit ndjesh\u00ebm n\u00eb tregun vendor si dhe ne tregjet nd\u00ebrkomb\u00ebtare. Prandaj kompania vendosi ta zgjeroj\u00eb kapacitetin e saj duke investuar n\u00eb makineri t\u00eb reja. Flexograf zgjodhi nj\u00eb makin\u00eb t\u00eb re p\u00ebr printim digjital (Digital Imaging machine) p\u00ebr t\u00eb p\u00ebrmbushur k\u00ebrkesat e reja p\u00ebr kapacitetin e shtypjes.<\/p><p>P\u00ebrve\u00e7 se makineria e re z\u00ebvend\u00ebsoi nj\u00eb makin\u00eb 20-vje\u00e7are, investimi rezultoi n\u00eb shum\u00eb p\u00ebrfitime. Krahas rritjes s\u00eb d\u00ebshiruar t\u00eb produktivitetit, teknologjia m\u00eb e re funksionon pa tret\u00ebs, duke ulur ndjesh\u00ebm p\u00ebrdorimin e materialeve t\u00eb rrezikshme nga kompania dhe emetimin e aromave t\u00eb d\u00ebmshme, duke p\u00ebrmir\u00ebsuar p\u00ebrfundimisht Sh\u00ebndetin dhe Sigurin\u00eb n\u00eb Pun\u00eb t\u00eb pun\u00ebtor\u00ebve. P\u00ebr m\u00eb tep\u00ebr, makina e re ka standardizuar dhe thjeshtuar lloje t\u00eb ndryshme t\u00eb proceseve t\u00eb shtypjes dhe harxhon m\u00eb pak energji sesa makina q\u00eb e z\u00ebvend\u00ebson.<\/p><p>Kompania fitoi ndihm\u00eb teknike falas p\u00ebr t\u00eb optimizuar projektin e saj t\u00eb investimit dhe gjithashtu fitoi grant n\u00eb vler\u00eb prej 15% pas verifikimit t\u00eb suksessh\u00ebm t\u00eb projektit, financuar nga Bashkimi Evropian.<\/p><p>Me k\u00ebt\u00eb investim kompania tani plot\u00ebson nj\u00eb larmi standardesh evropiane, duke p\u00ebrfshir\u00eb:<\/p><ul><li style=\"list-style-type: none;\"><ul><li>Rregullorja (KE) Nr. 1935\/2004 e Parlamentit Evropian dhe e K\u00ebshillit e 27 Tetorit 2004 mbi materialet dhe artikujt q\u00eb synojn\u00eb t\u00eb vijn\u00eb n\u00eb kontakt me ushqimin<\/li><li>Direktiva 2006\/42 \/ EC p\u00ebr makinerit\u00eb<\/li><li>Direktiva 2014\/35 \/ BE mbi Harmonizimin e Ligjeve t\u00eb Shteteve An\u00ebtare n\u00eb lidhje me Pajisjet Elektrike t\u00eb Projektuara p\u00ebr P\u00ebrdorim brenda Kufijve t\u00eb Tensionit t\u00eb Caktuara<\/li><li>Direktiva 2014\/30 \/ BE p\u00ebr harmonizimin e ligjeve t\u00eb Shteteve An\u00ebtare n\u00eb lidhje me pajtueshm\u00ebrin\u00eb elektromagnetike<\/li><\/ul><\/li><\/ul><p>\u00a0<\/p>\t\t\t\t\t\t\t\t<\/div>\n\t\t\t\t<\/div>\n\t\t\t\t\t<\/div>\n\t\t<\/div>\n\t\t\t\t<div class=\"elementor-column elementor-col-50 elementor-inner-column elementor-element elementor-element-f4a88a8\" data-id=\"f4a88a8\" data-element_type=\"column\" data-e-type=\"column\">\n\t\t\t<div class=\"elementor-widget-wrap elementor-element-populated\">\n\t\t\t\t\t\t<div class=\"elementor-element elementor-element-664a7dd elementor-widget elementor-widget-spacer\" data-id=\"664a7dd\" data-element_type=\"widget\" data-e-type=\"widget\" data-widget_type=\"spacer.default\">\n\t\t\t\t<div class=\"elementor-widget-container\">\n\t\t\t\t\t\t\t<div class=\"elementor-spacer\">\n\t\t\t<div class=\"elementor-spacer-inner\"><\/div>\n\t\t<\/div>\n\t\t\t\t\t\t<\/div>\n\t\t\t\t<\/div>\n\t\t\t\t<div class=\"elementor-element elementor-element-b49b0a4 elementor-widget elementor-widget-spacer\" data-id=\"b49b0a4\" data-element_type=\"widget\" data-e-type=\"widget\" data-widget_type=\"spacer.default\">\n\t\t\t\t<div class=\"elementor-widget-container\">\n\t\t\t\t\t\t\t<div class=\"elementor-spacer\">\n\t\t\t<div class=\"elementor-spacer-inner\"><\/div>\n\t\t<\/div>\n\t\t\t\t\t\t<\/div>\n\t\t\t\t<\/div>\n\t\t\t\t<div class=\"elementor-element elementor-element-967d3e8 elementor-widget elementor-widget-text-editor\" data-id=\"967d3e8\" data-element_type=\"widget\" data-e-type=\"widget\" data-widget_type=\"text-editor.default\">\n\t\t\t\t<div class=\"elementor-widget-container\">\n\t\t\t\t\t\t\t\t\t<table width=\"220\"><tbody><tr><td width=\"80\"><h4><strong>Vlera e kredis\u00eb<\/strong><\/h4><\/td><td width=\"16\"><h4><strong>\u00a0<\/strong><\/h4><\/td><td width=\"123\"><h4><strong>\u20ac 140,000<\/strong><\/h4><\/td><\/tr><tr><td width=\"80\"><h4><strong>Vlera e grantit<\/strong><\/h4><\/td><td width=\"16\"><h4><strong>\u00a0<\/strong><\/h4><\/td><td width=\"123\"><h4><strong>\u20ac 21,000<\/strong><\/h4><\/td><\/tr><tr><td width=\"80\"><h4><strong>Direktivat e BE-s\u00eb t\u00eb plot\u00ebsuara<\/strong><\/h4><h4><strong>\u00a0<\/strong><\/h4><\/td><td width=\"16\"><h4><strong>\u00a0<\/strong><\/h4><\/td><td width=\"123\"><h4>Rregullorja p\u00ebr materialet q\u00eb jan\u00eb t\u00eb synuara t\u00eb vijn\u00eb n\u00eb kontakt me ushqimin, direktivat p\u00ebr makinerit\u00eb dhe pajtueshm\u00ebrin\u00eb elektromagnetike<\/h4><\/td><\/tr><tr><td width=\"80\"><h4><strong>Investuar n\u00eb<\/strong><\/h4><h4><strong>\u00a0<\/strong><\/h4><\/td><td width=\"16\"><h4><strong>\u00a0<\/strong><\/h4><\/td><td width=\"123\"><h4>Makin\u00eb e re p\u00ebr shtypje digjitale<\/h4><\/td><\/tr><tr><td width=\"80\"><h4><strong>Kursimet e energjis\u00eb<\/strong><\/h4><h4><strong>Reduktimi i CO2<\/strong><\/h4><\/td><td width=\"16\"><h4><strong>\u00a0<\/strong><\/h4><\/td><td width=\"123\"><h4>43.90 MWh\/vit<\/h4><h4>\u00a0<\/h4><h4>15.20 t CO2\/vit<\/h4><\/td><\/tr><\/tbody><\/table><p>\u00a0<\/p>\t\t\t\t\t\t\t\t<\/div>\n\t\t\t\t<\/div>\n\t\t\t\t\t<\/div>\n\t\t<\/div>\n\t\t\t\t\t<\/div>\n\t\t<\/section>\n\t\t\t\t\t<\/div>\n\t\t<\/div>\n\t\t\t\t\t<\/div>\n\t\t<\/section>\n\t\t\t\t<\/div>\n\t\t","protected":false},"excerpt":{"rendered":"<p>Flexograf SH.P.K.\u00ebsht\u00eb nj\u00eb kompani e specializuar n\u00eb industrin\u00eb e printimit dhe flexo-printimit. E themeluar n\u00eb vitin 2012, kompania \u00ebsht\u00eb b\u00ebr\u00eb nj\u00eb konkurrente e njohur n\u00eb tregun e sh\u00ebrbimeve t\u00eb shtypjes. Kompania ofron nj\u00eb larmi t\u00eb gjer\u00eb printimit n\u00eb paketim,  2012,<br \/>\n<br \/>\n<a href=\"\/kosovo\/xk\/2021\/05\/11\/zgjerimi-i-biznesit-duke-u-kujdesur-per-mjedisin\/\" class=\"elementor-button cust-button\" role=\"button\">Lexo m\u00eb shum\u00eb<\/a><a href=\"\/kosovo\/wp-content\/uploads\/sites\/3\/2021\/05\/WEB-KOSOVO-Success-FLEXOGRAF_ALB.pdf\" class=\"elementor-button cust-button\" role=\"button\">Shkarkimet<\/a><\/p>\n","protected":false},"author":1,"featured_media":1261,"comment_status":"closed","ping_status":"closed","sticky":false,"template":"elementor_header_footer","format":"standard","meta":{"footnotes":""},"categories":[12],"tags":[],"class_list":["post-1293","post","type-post","status-publish","format-standard","has-post-thumbnail","hentry","category-success-stories-xk"],"yoast_head":"<!-- This site is optimized with the Yoast SEO plugin v27.5 - https:\/\/yoast.com\/product\/yoast-seo-wordpress\/ -->\n<title>zgjerimi i biznesit duke u kujdesur p\u00ebr mjedisin - Web-sme-csp Kosovo<\/title>\n<meta name=\"robots\" content=\"index, follow, max-snippet:-1, max-image-preview:large, max-video-preview:-1\" \/>\n<link rel=\"canonical\" href=\"https:\/\/web-sme-csp.com\/kosovo\/xk\/2021\/05\/11\/zgjerimi-i-biznesit-duke-u-kujdesur-per-mjedisin\/\" \/>\n<meta property=\"og:locale\" content=\"en_US\" \/>\n<meta property=\"og:type\" content=\"article\" \/>\n<meta property=\"og:title\" content=\"zgjerimi i biznesit duke u kujdesur p\u00ebr mjedisin - Web-sme-csp Kosovo\" \/>\n<meta property=\"og:description\" content=\"Flexograf SH.P.K.\u00ebsht\u00eb nj\u00eb kompani e specializuar n\u00eb industrin\u00eb e printimit dhe flexo-printimit. E themeluar n\u00eb vitin 2012, kompania \u00ebsht\u00eb b\u00ebr\u00eb nj\u00eb konkurrente e njohur n\u00eb tregun e sh\u00ebrbimeve t\u00eb shtypjes. Kompania ofron nj\u00eb larmi t\u00eb gjer\u00eb printimit n\u00eb paketim, 2012,  Lexo m\u00eb shum\u00ebShkarkimet\" \/>\n<meta property=\"og:url\" content=\"https:\/\/web-sme-csp.com\/kosovo\/xk\/2021\/05\/11\/zgjerimi-i-biznesit-duke-u-kujdesur-per-mjedisin\/\" \/>\n<meta property=\"og:site_name\" content=\"Web-sme-csp Kosovo\" \/>\n<meta property=\"article:publisher\" content=\"https:\/\/www.facebook.com\/Programi-pr-Mbshtetjen-e-Konkurrueshmris-s-NVM-ve-n-Kosov-371685197017851\" \/>\n<meta property=\"article:published_time\" content=\"2021-05-11T14:11:24+00:00\" \/>\n<meta property=\"article:modified_time\" content=\"2021-05-11T14:26:09+00:00\" \/>\n<meta property=\"og:image\" content=\"https:\/\/web-sme-csp.com\/kosovo\/wp-content\/uploads\/sites\/3\/2021\/05\/expanding1.png\" \/>\n\t<meta property=\"og:image:width\" content=\"373\" \/>\n\t<meta property=\"og:image:height\" content=\"252\" \/>\n\t<meta property=\"og:image:type\" content=\"image\/png\" \/>\n<meta name=\"author\" content=\"admin\" \/>\n<meta name=\"twitter:card\" content=\"summary_large_image\" \/>\n<meta name=\"twitter:label1\" content=\"Written by\" \/>\n\t<meta name=\"twitter:data1\" content=\"admin\" \/>\n\t<meta name=\"twitter:label2\" content=\"Est. reading time\" \/>\n\t<meta name=\"twitter:data2\" content=\"3 minutes\" \/>\n<script type=\"application\/ld+json\" class=\"yoast-schema-graph\">{\"@context\":\"https:\\\/\\\/schema.org\",\"@graph\":[{\"@type\":\"Article\",\"@id\":\"https:\\\/\\\/web-sme-csp.com\\\/kosovo\\\/xk\\\/2021\\\/05\\\/11\\\/zgjerimi-i-biznesit-duke-u-kujdesur-per-mjedisin\\\/#article\",\"isPartOf\":{\"@id\":\"https:\\\/\\\/web-sme-csp.com\\\/kosovo\\\/xk\\\/2021\\\/05\\\/11\\\/zgjerimi-i-biznesit-duke-u-kujdesur-per-mjedisin\\\/\"},\"author\":{\"name\":\"admin\",\"@id\":\"https:\\\/\\\/web-sme-csp.com\\\/kosovo\\\/en\\\/#\\\/schema\\\/person\\\/ccff2b6822231caadaca866c7bf28a76\"},\"headline\":\"zgjerimi i biznesit duke u kujdesur p\u00ebr mjedisin\",\"datePublished\":\"2021-05-11T14:11:24+00:00\",\"dateModified\":\"2021-05-11T14:26:09+00:00\",\"mainEntityOfPage\":{\"@id\":\"https:\\\/\\\/web-sme-csp.com\\\/kosovo\\\/xk\\\/2021\\\/05\\\/11\\\/zgjerimi-i-biznesit-duke-u-kujdesur-per-mjedisin\\\/\"},\"wordCount\":531,\"image\":{\"@id\":\"https:\\\/\\\/web-sme-csp.com\\\/kosovo\\\/xk\\\/2021\\\/05\\\/11\\\/zgjerimi-i-biznesit-duke-u-kujdesur-per-mjedisin\\\/#primaryimage\"},\"thumbnailUrl\":\"https:\\\/\\\/web-sme-csp.com\\\/kosovo\\\/wp-content\\\/uploads\\\/sites\\\/3\\\/2021\\\/05\\\/expanding1.png\",\"articleSection\":[\"Success Stories\"],\"inLanguage\":\"xk-XK\"},{\"@type\":\"WebPage\",\"@id\":\"https:\\\/\\\/web-sme-csp.com\\\/kosovo\\\/xk\\\/2021\\\/05\\\/11\\\/zgjerimi-i-biznesit-duke-u-kujdesur-per-mjedisin\\\/\",\"url\":\"https:\\\/\\\/web-sme-csp.com\\\/kosovo\\\/xk\\\/2021\\\/05\\\/11\\\/zgjerimi-i-biznesit-duke-u-kujdesur-per-mjedisin\\\/\",\"name\":\"zgjerimi i biznesit duke u kujdesur p\u00ebr mjedisin - Web-sme-csp Kosovo\",\"isPartOf\":{\"@id\":\"https:\\\/\\\/web-sme-csp.com\\\/kosovo\\\/en\\\/#website\"},\"primaryImageOfPage\":{\"@id\":\"https:\\\/\\\/web-sme-csp.com\\\/kosovo\\\/xk\\\/2021\\\/05\\\/11\\\/zgjerimi-i-biznesit-duke-u-kujdesur-per-mjedisin\\\/#primaryimage\"},\"image\":{\"@id\":\"https:\\\/\\\/web-sme-csp.com\\\/kosovo\\\/xk\\\/2021\\\/05\\\/11\\\/zgjerimi-i-biznesit-duke-u-kujdesur-per-mjedisin\\\/#primaryimage\"},\"thumbnailUrl\":\"https:\\\/\\\/web-sme-csp.com\\\/kosovo\\\/wp-content\\\/uploads\\\/sites\\\/3\\\/2021\\\/05\\\/expanding1.png\",\"datePublished\":\"2021-05-11T14:11:24+00:00\",\"dateModified\":\"2021-05-11T14:26:09+00:00\",\"author\":{\"@id\":\"https:\\\/\\\/web-sme-csp.com\\\/kosovo\\\/en\\\/#\\\/schema\\\/person\\\/ccff2b6822231caadaca866c7bf28a76\"},\"breadcrumb\":{\"@id\":\"https:\\\/\\\/web-sme-csp.com\\\/kosovo\\\/xk\\\/2021\\\/05\\\/11\\\/zgjerimi-i-biznesit-duke-u-kujdesur-per-mjedisin\\\/#breadcrumb\"},\"inLanguage\":\"xk-XK\",\"potentialAction\":[{\"@type\":\"ReadAction\",\"target\":[\"https:\\\/\\\/web-sme-csp.com\\\/kosovo\\\/xk\\\/2021\\\/05\\\/11\\\/zgjerimi-i-biznesit-duke-u-kujdesur-per-mjedisin\\\/\"]}]},{\"@type\":\"ImageObject\",\"inLanguage\":\"xk-XK\",\"@id\":\"https:\\\/\\\/web-sme-csp.com\\\/kosovo\\\/xk\\\/2021\\\/05\\\/11\\\/zgjerimi-i-biznesit-duke-u-kujdesur-per-mjedisin\\\/#primaryimage\",\"url\":\"https:\\\/\\\/web-sme-csp.com\\\/kosovo\\\/wp-content\\\/uploads\\\/sites\\\/3\\\/2021\\\/05\\\/expanding1.png\",\"contentUrl\":\"https:\\\/\\\/web-sme-csp.com\\\/kosovo\\\/wp-content\\\/uploads\\\/sites\\\/3\\\/2021\\\/05\\\/expanding1.png\",\"width\":373,\"height\":252},{\"@type\":\"BreadcrumbList\",\"@id\":\"https:\\\/\\\/web-sme-csp.com\\\/kosovo\\\/xk\\\/2021\\\/05\\\/11\\\/zgjerimi-i-biznesit-duke-u-kujdesur-per-mjedisin\\\/#breadcrumb\",\"itemListElement\":[{\"@type\":\"ListItem\",\"position\":1,\"name\":\"Home\",\"item\":\"https:\\\/\\\/web-sme-csp.com\\\/kosovo\\\/en\\\/\"},{\"@type\":\"ListItem\",\"position\":2,\"name\":\"zgjerimi i biznesit duke u kujdesur p\u00ebr mjedisin\"}]},{\"@type\":\"WebSite\",\"@id\":\"https:\\\/\\\/web-sme-csp.com\\\/kosovo\\\/en\\\/#website\",\"url\":\"https:\\\/\\\/web-sme-csp.com\\\/kosovo\\\/en\\\/\",\"name\":\"Web-sme-csp Kosovo\",\"description\":\"Kosovo\",\"potentialAction\":[{\"@type\":\"SearchAction\",\"target\":{\"@type\":\"EntryPoint\",\"urlTemplate\":\"https:\\\/\\\/web-sme-csp.com\\\/kosovo\\\/en\\\/?s={search_term_string}\"},\"query-input\":{\"@type\":\"PropertyValueSpecification\",\"valueRequired\":true,\"valueName\":\"search_term_string\"}}],\"inLanguage\":\"xk-XK\"},{\"@type\":\"Person\",\"@id\":\"https:\\\/\\\/web-sme-csp.com\\\/kosovo\\\/en\\\/#\\\/schema\\\/person\\\/ccff2b6822231caadaca866c7bf28a76\",\"name\":\"admin\",\"image\":{\"@type\":\"ImageObject\",\"inLanguage\":\"xk-XK\",\"@id\":\"https:\\\/\\\/secure.gravatar.com\\\/avatar\\\/ab83f7ac52a92742f8915b650aae5f0b625bf3bf2a075d99817152c012d020bb?s=96&d=mm&r=g\",\"url\":\"https:\\\/\\\/secure.gravatar.com\\\/avatar\\\/ab83f7ac52a92742f8915b650aae5f0b625bf3bf2a075d99817152c012d020bb?s=96&d=mm&r=g\",\"contentUrl\":\"https:\\\/\\\/secure.gravatar.com\\\/avatar\\\/ab83f7ac52a92742f8915b650aae5f0b625bf3bf2a075d99817152c012d020bb?s=96&d=mm&r=g\",\"caption\":\"admin\"},\"url\":\"https:\\\/\\\/web-sme-csp.com\\\/kosovo\\\/xk\\\/author\\\/server_ph8150u1\\\/\"}]}<\/script>\n<!-- \/ Yoast SEO plugin. -->","yoast_head_json":{"title":"zgjerimi i biznesit duke u kujdesur p\u00ebr mjedisin - Web-sme-csp Kosovo","robots":{"index":"index","follow":"follow","max-snippet":"max-snippet:-1","max-image-preview":"max-image-preview:large","max-video-preview":"max-video-preview:-1"},"canonical":"https:\/\/web-sme-csp.com\/kosovo\/xk\/2021\/05\/11\/zgjerimi-i-biznesit-duke-u-kujdesur-per-mjedisin\/","og_locale":"en_US","og_type":"article","og_title":"zgjerimi i biznesit duke u kujdesur p\u00ebr mjedisin - Web-sme-csp Kosovo","og_description":"Flexograf SH.P.K.\u00ebsht\u00eb nj\u00eb kompani e specializuar n\u00eb industrin\u00eb e printimit dhe flexo-printimit. E themeluar n\u00eb vitin 2012, kompania \u00ebsht\u00eb b\u00ebr\u00eb nj\u00eb konkurrente e njohur n\u00eb tregun e sh\u00ebrbimeve t\u00eb shtypjes. Kompania ofron nj\u00eb larmi t\u00eb gjer\u00eb printimit n\u00eb paketim, 2012,  Lexo m\u00eb shum\u00ebShkarkimet","og_url":"https:\/\/web-sme-csp.com\/kosovo\/xk\/2021\/05\/11\/zgjerimi-i-biznesit-duke-u-kujdesur-per-mjedisin\/","og_site_name":"Web-sme-csp Kosovo","article_publisher":"https:\/\/www.facebook.com\/Programi-pr-Mbshtetjen-e-Konkurrueshmris-s-NVM-ve-n-Kosov-371685197017851","article_published_time":"2021-05-11T14:11:24+00:00","article_modified_time":"2021-05-11T14:26:09+00:00","og_image":[{"width":373,"height":252,"url":"https:\/\/web-sme-csp.com\/kosovo\/wp-content\/uploads\/sites\/3\/2021\/05\/expanding1.png","type":"image\/png"}],"author":"admin","twitter_card":"summary_large_image","twitter_misc":{"Written by":"admin","Est. reading time":"3 minutes"},"schema":{"@context":"https:\/\/schema.org","@graph":[{"@type":"Article","@id":"https:\/\/web-sme-csp.com\/kosovo\/xk\/2021\/05\/11\/zgjerimi-i-biznesit-duke-u-kujdesur-per-mjedisin\/#article","isPartOf":{"@id":"https:\/\/web-sme-csp.com\/kosovo\/xk\/2021\/05\/11\/zgjerimi-i-biznesit-duke-u-kujdesur-per-mjedisin\/"},"author":{"name":"admin","@id":"https:\/\/web-sme-csp.com\/kosovo\/en\/#\/schema\/person\/ccff2b6822231caadaca866c7bf28a76"},"headline":"zgjerimi i biznesit duke u kujdesur p\u00ebr mjedisin","datePublished":"2021-05-11T14:11:24+00:00","dateModified":"2021-05-11T14:26:09+00:00","mainEntityOfPage":{"@id":"https:\/\/web-sme-csp.com\/kosovo\/xk\/2021\/05\/11\/zgjerimi-i-biznesit-duke-u-kujdesur-per-mjedisin\/"},"wordCount":531,"image":{"@id":"https:\/\/web-sme-csp.com\/kosovo\/xk\/2021\/05\/11\/zgjerimi-i-biznesit-duke-u-kujdesur-per-mjedisin\/#primaryimage"},"thumbnailUrl":"https:\/\/web-sme-csp.com\/kosovo\/wp-content\/uploads\/sites\/3\/2021\/05\/expanding1.png","articleSection":["Success Stories"],"inLanguage":"xk-XK"},{"@type":"WebPage","@id":"https:\/\/web-sme-csp.com\/kosovo\/xk\/2021\/05\/11\/zgjerimi-i-biznesit-duke-u-kujdesur-per-mjedisin\/","url":"https:\/\/web-sme-csp.com\/kosovo\/xk\/2021\/05\/11\/zgjerimi-i-biznesit-duke-u-kujdesur-per-mjedisin\/","name":"zgjerimi i biznesit duke u kujdesur p\u00ebr mjedisin - Web-sme-csp Kosovo","isPartOf":{"@id":"https:\/\/web-sme-csp.com\/kosovo\/en\/#website"},"primaryImageOfPage":{"@id":"https:\/\/web-sme-csp.com\/kosovo\/xk\/2021\/05\/11\/zgjerimi-i-biznesit-duke-u-kujdesur-per-mjedisin\/#primaryimage"},"image":{"@id":"https:\/\/web-sme-csp.com\/kosovo\/xk\/2021\/05\/11\/zgjerimi-i-biznesit-duke-u-kujdesur-per-mjedisin\/#primaryimage"},"thumbnailUrl":"https:\/\/web-sme-csp.com\/kosovo\/wp-content\/uploads\/sites\/3\/2021\/05\/expanding1.png","datePublished":"2021-05-11T14:11:24+00:00","dateModified":"2021-05-11T14:26:09+00:00","author":{"@id":"https:\/\/web-sme-csp.com\/kosovo\/en\/#\/schema\/person\/ccff2b6822231caadaca866c7bf28a76"},"breadcrumb":{"@id":"https:\/\/web-sme-csp.com\/kosovo\/xk\/2021\/05\/11\/zgjerimi-i-biznesit-duke-u-kujdesur-per-mjedisin\/#breadcrumb"},"inLanguage":"xk-XK","potentialAction":[{"@type":"ReadAction","target":["https:\/\/web-sme-csp.com\/kosovo\/xk\/2021\/05\/11\/zgjerimi-i-biznesit-duke-u-kujdesur-per-mjedisin\/"]}]},{"@type":"ImageObject","inLanguage":"xk-XK","@id":"https:\/\/web-sme-csp.com\/kosovo\/xk\/2021\/05\/11\/zgjerimi-i-biznesit-duke-u-kujdesur-per-mjedisin\/#primaryimage","url":"https:\/\/web-sme-csp.com\/kosovo\/wp-content\/uploads\/sites\/3\/2021\/05\/expanding1.png","contentUrl":"https:\/\/web-sme-csp.com\/kosovo\/wp-content\/uploads\/sites\/3\/2021\/05\/expanding1.png","width":373,"height":252},{"@type":"BreadcrumbList","@id":"https:\/\/web-sme-csp.com\/kosovo\/xk\/2021\/05\/11\/zgjerimi-i-biznesit-duke-u-kujdesur-per-mjedisin\/#breadcrumb","itemListElement":[{"@type":"ListItem","position":1,"name":"Home","item":"https:\/\/web-sme-csp.com\/kosovo\/en\/"},{"@type":"ListItem","position":2,"name":"zgjerimi i biznesit duke u kujdesur p\u00ebr mjedisin"}]},{"@type":"WebSite","@id":"https:\/\/web-sme-csp.com\/kosovo\/en\/#website","url":"https:\/\/web-sme-csp.com\/kosovo\/en\/","name":"Web-sme-csp Kosovo","description":"Kosovo","potentialAction":[{"@type":"SearchAction","target":{"@type":"EntryPoint","urlTemplate":"https:\/\/web-sme-csp.com\/kosovo\/en\/?s={search_term_string}"},"query-input":{"@type":"PropertyValueSpecification","valueRequired":true,"valueName":"search_term_string"}}],"inLanguage":"xk-XK"},{"@type":"Person","@id":"https:\/\/web-sme-csp.com\/kosovo\/en\/#\/schema\/person\/ccff2b6822231caadaca866c7bf28a76","name":"admin","image":{"@type":"ImageObject","inLanguage":"xk-XK","@id":"https:\/\/secure.gravatar.com\/avatar\/ab83f7ac52a92742f8915b650aae5f0b625bf3bf2a075d99817152c012d020bb?s=96&d=mm&r=g","url":"https:\/\/secure.gravatar.com\/avatar\/ab83f7ac52a92742f8915b650aae5f0b625bf3bf2a075d99817152c012d020bb?s=96&d=mm&r=g","contentUrl":"https:\/\/secure.gravatar.com\/avatar\/ab83f7ac52a92742f8915b650aae5f0b625bf3bf2a075d99817152c012d020bb?s=96&d=mm&r=g","caption":"admin"},"url":"https:\/\/web-sme-csp.com\/kosovo\/xk\/author\/server_ph8150u1\/"}]}},"_links":{"self":[{"href":"https:\/\/web-sme-csp.com\/kosovo\/xk\/wp-json\/wp\/v2\/posts\/1293","targetHints":{"allow":["GET"]}}],"collection":[{"href":"https:\/\/web-sme-csp.com\/kosovo\/xk\/wp-json\/wp\/v2\/posts"}],"about":[{"href":"https:\/\/web-sme-csp.com\/kosovo\/xk\/wp-json\/wp\/v2\/types\/post"}],"author":[{"embeddable":true,"href":"https:\/\/web-sme-csp.com\/kosovo\/xk\/wp-json\/wp\/v2\/users\/1"}],"replies":[{"embeddable":true,"href":"https:\/\/web-sme-csp.com\/kosovo\/xk\/wp-json\/wp\/v2\/comments?post=1293"}],"version-history":[{"count":6,"href":"https:\/\/web-sme-csp.com\/kosovo\/xk\/wp-json\/wp\/v2\/posts\/1293\/revisions"}],"predecessor-version":[{"id":1311,"href":"https:\/\/web-sme-csp.com\/kosovo\/xk\/wp-json\/wp\/v2\/posts\/1293\/revisions\/1311"}],"wp:featuredmedia":[{"embeddable":true,"href":"https:\/\/web-sme-csp.com\/kosovo\/xk\/wp-json\/wp\/v2\/media\/1261"}],"wp:attachment":[{"href":"https:\/\/web-sme-csp.com\/kosovo\/xk\/wp-json\/wp\/v2\/media?parent=1293"}],"wp:term":[{"taxonomy":"category","embeddable":true,"href":"https:\/\/web-sme-csp.com\/kosovo\/xk\/wp-json\/wp\/v2\/categories?post=1293"},{"taxonomy":"post_tag","embeddable":true,"href":"https:\/\/web-sme-csp.com\/kosovo\/xk\/wp-json\/wp\/v2\/tags?post=1293"}],"curies":[{"name":"wp","href":"https:\/\/api.w.org\/{rel}","templated":true}]}}