{"id":596,"date":"2020-06-24T09:18:56","date_gmt":"2020-06-24T09:18:56","guid":{"rendered":"https:\/\/web-sme-csp.com\/bosnia-and-herzegovina\/?p=596"},"modified":"2020-07-17T16:49:54","modified_gmt":"2020-07-17T16:49:54","slug":"modern-transport","status":"publish","type":"post","link":"https:\/\/web-sme-csp.com\/bosnia-and-herzegovina\/bs\/2020\/06\/24\/modern-transport\/","title":{"rendered":"Moderan prevoz"},"content":{"rendered":"\t\t<div data-elementor-type=\"wp-post\" data-elementor-id=\"596\" class=\"elementor elementor-596\" data-elementor-post-type=\"post\">\n\t\t\t\t\t\t<section class=\"elementor-section elementor-top-section elementor-element elementor-element-6ac614d3 elementor-section-full_width elementor-section-height-default elementor-section-height-default\" data-id=\"6ac614d3\" data-element_type=\"section\" data-e-type=\"section\">\n\t\t\t\t\t\t<div class=\"elementor-container elementor-column-gap-no\">\n\t\t\t\t\t<div class=\"elementor-column elementor-col-100 elementor-top-column elementor-element elementor-element-eab1ec3\" data-id=\"eab1ec3\" data-element_type=\"column\" data-e-type=\"column\">\n\t\t\t<div class=\"elementor-widget-wrap elementor-element-populated\">\n\t\t\t\t\t\t<div class=\"elementor-element elementor-element-43ea2dea elementor-skin-carousel elementor-widget elementor-widget-media-carousel\" data-id=\"43ea2dea\" data-element_type=\"widget\" data-e-type=\"widget\" data-settings=\"{&quot;space_between&quot;:{&quot;unit&quot;:&quot;px&quot;,&quot;size&quot;:0,&quot;sizes&quot;:[]},&quot;skin&quot;:&quot;carousel&quot;,&quot;effect&quot;:&quot;slide&quot;,&quot;speed&quot;:500,&quot;autoplay&quot;:&quot;yes&quot;,&quot;autoplay_speed&quot;:5000,&quot;loop&quot;:&quot;yes&quot;,&quot;pause_on_hover&quot;:&quot;yes&quot;,&quot;pause_on_interaction&quot;:&quot;yes&quot;,&quot;space_between_tablet&quot;:{&quot;unit&quot;:&quot;px&quot;,&quot;size&quot;:10,&quot;sizes&quot;:[]},&quot;space_between_mobile&quot;:{&quot;unit&quot;:&quot;px&quot;,&quot;size&quot;:10,&quot;sizes&quot;:[]}}\" data-widget_type=\"media-carousel.default\">\n\t\t\t\t<div class=\"elementor-widget-container\">\n\t\t\t\t\t\t\t\t\t<div class=\"elementor-swiper\">\n\t\t\t\t\t<div class=\"elementor-main-swiper swiper\" role=\"region\" aria-roledescription=\"carousel\" aria-label=\"Slides\">\n\t\t\t\t<div class=\"swiper-wrapper\">\n\t\t\t\t\t\t\t\t\t\t\t<div class=\"swiper-slide\" role=\"group\" aria-roledescription=\"slide\">\n\t\t\t\t\t\t\t\t\t<div class=\"elementor-carousel-image\" role=\"img\" aria-label=\"\" style=\"background-image: url(&#039;https:\/\/web-sme-csp.com\/kosovo\/wp-content\/uploads\/sites\/3\/2020\/02\/395129-PCH2M7-589-e1552605691578.jpg&#039;)\">\n\n\t\t\t\n\t\t\t\t\t<\/div>\n\t\t\t\t\t\t\t\t<\/div>\n\t\t\t\t\t\t\t\t\t<\/div>\n\t\t\t\t\t\t\t<\/div>\n\t\t\t\t<\/div>\n\t\t\t\t\t\t\t\t<\/div>\n\t\t\t\t<\/div>\n\t\t\t\t<section class=\"elementor-section elementor-inner-section elementor-element elementor-element-17da0097 elementor-section-boxed elementor-section-height-default elementor-section-height-default\" data-id=\"17da0097\" data-element_type=\"section\" data-e-type=\"section\">\n\t\t\t\t\t\t<div class=\"elementor-container elementor-column-gap-default\">\n\t\t\t\t\t<div class=\"elementor-column elementor-col-100 elementor-inner-column elementor-element elementor-element-38c6026d\" data-id=\"38c6026d\" data-element_type=\"column\" data-e-type=\"column\">\n\t\t\t<div class=\"elementor-widget-wrap\">\n\t\t\t\t\t\t\t<\/div>\n\t\t<\/div>\n\t\t\t\t\t<\/div>\n\t\t<\/section>\n\t\t\t\t\t<\/div>\n\t\t<\/div>\n\t\t\t\t\t<\/div>\n\t\t<\/section>\n\t\t\t\t<section class=\"elementor-section elementor-top-section elementor-element elementor-element-44c3890f elementor-section-content-middle elementor-section-boxed elementor-section-height-default elementor-section-height-default\" data-id=\"44c3890f\" data-element_type=\"section\" data-e-type=\"section\" data-settings=\"{&quot;background_background&quot;:&quot;classic&quot;}\">\n\t\t\t\t\t\t<div class=\"elementor-container elementor-column-gap-default\">\n\t\t\t\t\t<div class=\"elementor-column elementor-col-100 elementor-top-column elementor-element elementor-element-18fb2de1\" data-id=\"18fb2de1\" data-element_type=\"column\" data-e-type=\"column\" data-settings=\"{&quot;background_background&quot;:&quot;classic&quot;}\">\n\t\t\t<div class=\"elementor-widget-wrap elementor-element-populated\">\n\t\t\t\t\t\t<div class=\"elementor-element elementor-element-209c38a3 elementor-widget elementor-widget-heading\" data-id=\"209c38a3\" data-element_type=\"widget\" data-e-type=\"widget\" data-widget_type=\"heading.default\">\n\t\t\t\t<div class=\"elementor-widget-container\">\n\t\t\t\t\t<h1 class=\"elementor-heading-title elementor-size-default\">Moderan prevoz<\/h1>\t\t\t\t<\/div>\n\t\t\t\t<\/div>\n\t\t\t\t\t<\/div>\n\t\t<\/div>\n\t\t\t\t\t<\/div>\n\t\t<\/section>\n\t\t\t\t<section class=\"elementor-section elementor-top-section elementor-element elementor-element-214111a2 elementor-section-boxed elementor-section-height-default elementor-section-height-default\" data-id=\"214111a2\" data-element_type=\"section\" data-e-type=\"section\">\n\t\t\t\t\t\t<div class=\"elementor-container elementor-column-gap-default\">\n\t\t\t\t\t<div class=\"elementor-column elementor-col-100 elementor-top-column elementor-element elementor-element-171838df\" data-id=\"171838df\" data-element_type=\"column\" data-e-type=\"column\">\n\t\t\t<div class=\"elementor-widget-wrap elementor-element-populated\">\n\t\t\t\t\t\t<section class=\"elementor-section elementor-inner-section elementor-element elementor-element-1ed6c610 elementor-section-boxed elementor-section-height-default elementor-section-height-default\" data-id=\"1ed6c610\" data-element_type=\"section\" data-e-type=\"section\">\n\t\t\t\t\t\t<div class=\"elementor-container elementor-column-gap-default\">\n\t\t\t\t\t<div class=\"elementor-column elementor-col-50 elementor-inner-column elementor-element elementor-element-264f032\" data-id=\"264f032\" data-element_type=\"column\" data-e-type=\"column\">\n\t\t\t<div class=\"elementor-widget-wrap elementor-element-populated\">\n\t\t\t\t\t\t<div class=\"elementor-element elementor-element-44570b3d elementor-widget elementor-widget-text-editor\" data-id=\"44570b3d\" data-element_type=\"widget\" data-e-type=\"widget\" data-widget_type=\"text-editor.default\">\n\t\t\t\t<div class=\"elementor-widget-container\">\n\t\t\t\t\t\t\t\t\t<p><strong>\u0106i\u0107ko Commerce d.o.o.<\/strong> je dru\u0161tvo s ograni\u010denom odgovorno\u0161\u0107u u privatnom vlasni\u0161tvu koje je osnovano 1996. godine u cilju pru\u017eanja usluga unutra\u0161njeg i me\u0111unarodnog prevoza putnika. Usluge kompanije uklju\u010duju prevoz putnika i poslu\u017eivanje alkoholnih i bezalkoholnih pi\u0107a u kafi\u0107ima. Dru\u0161tvo zapo\u0161ljava 54 osobe i ima kancelarije u\u00a0 Tomislavgradu i Livnu, kao i dva kafi\u0107a u oba grada. Za potrebe prevoza putnika kompanija posjeduje i koristi 37 autobusa i kombija, kao i 17 automobila, kamiona, radnih ma\u0161ina i traktora.<\/p><p>Za potrebe prevoza putnika za Njema\u010dku, te autobusnu liniju Prozor-Tomislavgrad-Zagreb, kompanija je odlu\u010dila investirati u moderan putni\u010dki autobus, koji je pridru\u017eila svojoj floti vozila. Novi autobus je energetski efikasan, ima ni\u017ee emisije stakleni\u010dkih plinova, \u0161titi zdravlje i sigurnost voza\u010da i putnika.<\/p><p>Kompanija je dobila besplatnu tehni\u010dku pomo\u0107 za optimizaciju svog investicijskog projekta i 15% bespovratnih sredstava nakon uspje\u0161ne provjere projekta, finansiranih od strane Europske unije.<\/p><p>Sa investicijom, kompanija ispunjava \u0161irok raspon standarda, uklju\u010duju\u0107i:<\/p><ul><li style=\"list-style-type: none;\"><ul><li>Uredba (EZ) br. 1073\/2009 Europskog parlamenta i Vije\u0107a od 21. oktobra 2009. godine o zajedni\u010dkim pravilima za pristup me\u0111unarodnom tr\u017ei\u0161tu usluga prevoza obi\u010dnim i turisti\u010dkim autobusima i izmjeni Udredbe (EZ) br. 561\/2006;<\/li><li>EU direktiva 2007\/46 \u2013 odobravanje motornih vozila, prikolica i dijelova vozila;<\/li><li>EU uredba 661\/2009 \u2013 zahtjevi za homologaciju za sigurnost motornih vozila;<\/li><li>Uredba (EU) br. 165\/2014 o tahografima u cestovnom prometu, stavljaju\u0107i van snage Uredbu Vije\u0107a (EEZ) br. 3821\/85 o ure\u0111aju za evidentiranje u cestovnom prometu i izmjeni Uredbe (EZ) br. 561\/2006 Europskog parlementa i Vije\u0107a o uskla\u0111ivanju odre\u0111enog socijalnog zakonodavstva koje se odnosi na cestovni saobra\u0107aj;<\/li><li>EU direktiva 2003\/26 \u2013 ograni\u010davanje brzine i emisije izduvnih gasova na komercijalnim vozilima;<\/li><li>Uredba komisije (EU) br. 582\/2011 o provedbi i izmjeni Uredbe (EZ) br. 595\/2009 Europskog parlamenta i Vije\u0107a u pogledu emisija iz te\u0161kih vozila (Euro VI) i<\/li><li>Direktive 2000\/53\/EZ Europskog parlamenta i Vije\u0107a od 18. septembra 2000. godine o istro\u0161enim vozilima.<\/li><\/ul><\/li><\/ul>\t\t\t\t\t\t\t\t<\/div>\n\t\t\t\t<\/div>\n\t\t\t\t\t<\/div>\n\t\t<\/div>\n\t\t\t\t<div class=\"elementor-column elementor-col-50 elementor-inner-column elementor-element elementor-element-36f88964\" data-id=\"36f88964\" data-element_type=\"column\" data-e-type=\"column\">\n\t\t\t<div class=\"elementor-widget-wrap elementor-element-populated\">\n\t\t\t\t\t\t<div class=\"elementor-element elementor-element-59f8e8f2 elementor-widget elementor-widget-spacer\" data-id=\"59f8e8f2\" data-element_type=\"widget\" data-e-type=\"widget\" data-widget_type=\"spacer.default\">\n\t\t\t\t<div class=\"elementor-widget-container\">\n\t\t\t\t\t\t\t<div class=\"elementor-spacer\">\n\t\t\t<div class=\"elementor-spacer-inner\"><\/div>\n\t\t<\/div>\n\t\t\t\t\t\t<\/div>\n\t\t\t\t<\/div>\n\t\t\t\t<div class=\"elementor-element elementor-element-6393433f elementor-widget elementor-widget-text-editor\" data-id=\"6393433f\" data-element_type=\"widget\" data-e-type=\"widget\" data-widget_type=\"text-editor.default\">\n\t\t\t\t<div class=\"elementor-widget-container\">\n\t\t\t\t\t\t\t\t\t<table width=\"300\">\n<tbody>\n<tr>\n<td width=\"300\">\n<h4><strong>Iznos kredita:<\/strong><\/h4>\n<\/td>\n<td colspan=\"2\" width=\"300\">\n<h4><strong>250.000<\/strong><strong> \u20ac <\/strong><\/h4>\n<\/td>\n<\/tr>\n<tr>\n<td width=\"300\">\n<h4><strong>Iznos granta:<\/strong><\/h4>\n<\/td>\n<td colspan=\"2\" width=\"300\">\n<h4><strong>37.500 \u20ac<\/strong><\/h4>\n<\/td>\n<\/tr>\n<tr>\n<td width=\"300\">\n<h4><strong>Ispunjene EU direktive:<\/strong><\/h4>\n<h4><strong>\u00a0<\/strong><\/h4>\n<\/td>\n<td colspan=\"2\" width=\"300\">\n<h4>Autobusni prevoz na me\u0111unarodnom tr\u017ei\u0161tu, motorna vozila, cestovni prevoz<\/h4>\n<\/td>\n<\/tr>\n<tr>\n<td width=\"300\">\n<h4><strong>Investirano u:<\/strong><\/h4>\n<h4><strong>\u00a0<\/strong><\/h4>\n<\/td>\n<td colspan=\"2\" width=\"300\">\n<h4>Mercedes Benz Tourismo<\/h4>\n<h4>(Euro 6 norma)<\/h4>\n<\/td>\n<\/tr>\n<tr>\n<td colspan=\"2\" width=\"300\">\n<h4><strong>U\u0161teda energije i smanjenje GHG:<\/strong><\/h4>\n<\/td>\n<td width=\"300\">\n<h4>176 Mwh\/godi\u0161nje<\/h4>\n<h4>47 tCO<sub>2<\/sub>\/godi\u0161nje<\/h4>\n<\/td>\n<\/tr>\n<\/tbody>\n<\/table>\t\t\t\t\t\t\t\t<\/div>\n\t\t\t\t<\/div>\n\t\t\t\t\t<\/div>\n\t\t<\/div>\n\t\t\t\t\t<\/div>\n\t\t<\/section>\n\t\t\t\t\t<\/div>\n\t\t<\/div>\n\t\t\t\t\t<\/div>\n\t\t<\/section>\n\t\t\t\t<\/div>\n\t\t","protected":false},"excerpt":{"rendered":"<p>\u0106i\u0107ko Commerce d.o.o. je dru\u0161tvo s ograni\u010denom odgovorno\u0161\u0107u u privatnom vlasni\u0161tvu koje je osnovano 1996.<br \/>\n<br \/>\n<a href=\"https:\/\/web-sme-csp.com\/bosnia-and-herzegovina\/2020\/06\/24\/modern-transport\/?lang=bs\" class=\"elementor-button cust-button\" role=\"button\">\u010ditaj vi\u0161e<\/a><a href=\"https:\/\/web-sme-csp.com\/bosnia-and-herzegovina\/wp-content\/uploads\/sites\/4\/2020\/06\/WEB-BiH-SUCCESS-Cicko_Bosnian.pdf\" class=\"elementor-button cust-button\" role=\"button\">skinuti<\/a><\/p>\n","protected":false},"author":1,"featured_media":502,"comment_status":"closed","ping_status":"open","sticky":false,"template":"elementor_header_footer","format":"standard","meta":{"footnotes":""},"categories":[11],"tags":[],"class_list":["post-596","post","type-post","status-publish","format-standard","has-post-thumbnail","hentry","category-success-stories"],"yoast_head":"<!-- This site is optimized with the Yoast SEO plugin v27.5 - https:\/\/yoast.com\/product\/yoast-seo-wordpress\/ -->\n<title>Moderan prevoz - web-sme-csp.com Bosnia_and_Herzegovina<\/title>\n<meta name=\"robots\" content=\"index, follow, max-snippet:-1, max-image-preview:large, max-video-preview:-1\" \/>\n<link rel=\"canonical\" href=\"https:\/\/web-sme-csp.com\/bosnia-and-herzegovina\/2020\/06\/24\/modern-transport\/?lang=bs\" \/>\n<meta property=\"og:locale\" content=\"bs_BA\" \/>\n<meta property=\"og:type\" content=\"article\" \/>\n<meta property=\"og:title\" content=\"Moderan prevoz - web-sme-csp.com Bosnia_and_Herzegovina\" \/>\n<meta property=\"og:description\" content=\"\u0106i\u0107ko Commerce d.o.o. je dru\u0161tvo s ograni\u010denom odgovorno\u0161\u0107u u privatnom vlasni\u0161tvu koje je osnovano 1996. \u010ditaj vi\u0161eskinuti\" \/>\n<meta property=\"og:url\" content=\"https:\/\/web-sme-csp.com\/bosnia-and-herzegovina\/2020\/06\/24\/modern-transport\/?lang=bs\" \/>\n<meta property=\"og:site_name\" content=\"web-sme-csp.com Bosnia_and_Herzegovina\" \/>\n<meta property=\"article:publisher\" content=\"https:\/\/www.facebook.com\/PodrzavamoMSPuBiH\/\" \/>\n<meta property=\"article:published_time\" content=\"2020-06-24T09:18:56+00:00\" \/>\n<meta property=\"article:modified_time\" content=\"2020-07-17T16:49:54+00:00\" \/>\n<meta property=\"og:image\" content=\"https:\/\/web-sme-csp.com\/bosnia-and-herzegovina\/wp-content\/uploads\/sites\/4\/2020\/06\/transport-1024x766.png\" \/>\n\t<meta property=\"og:image:width\" content=\"1024\" \/>\n\t<meta property=\"og:image:height\" content=\"766\" \/>\n\t<meta property=\"og:image:type\" content=\"image\/png\" \/>\n<meta name=\"author\" content=\"admin\" \/>\n<meta name=\"twitter:card\" content=\"summary_large_image\" \/>\n<meta name=\"twitter:label1\" content=\"Written by\" \/>\n\t<meta name=\"twitter:data1\" content=\"admin\" \/>\n\t<meta name=\"twitter:label2\" content=\"Est. reading time\" \/>\n\t<meta name=\"twitter:data2\" content=\"2 minute\" \/>\n<script type=\"application\/ld+json\" class=\"yoast-schema-graph\">{\"@context\":\"https:\\\/\\\/schema.org\",\"@graph\":[{\"@type\":\"Article\",\"@id\":\"https:\\\/\\\/web-sme-csp.com\\\/bosnia-and-herzegovina\\\/2020\\\/06\\\/24\\\/modern-transport\\\/?lang=bs#article\",\"isPartOf\":{\"@id\":\"https:\\\/\\\/web-sme-csp.com\\\/bosnia-and-herzegovina\\\/2020\\\/06\\\/24\\\/modern-transport\\\/?lang=bs\"},\"author\":{\"name\":\"admin\",\"@id\":\"https:\\\/\\\/web-sme-csp.com\\\/bosnia-and-herzegovina\\\/#\\\/schema\\\/person\\\/ccff2b6822231caadaca866c7bf28a76\"},\"headline\":\"Moderan prevoz\",\"datePublished\":\"2020-06-24T09:18:56+00:00\",\"dateModified\":\"2020-07-17T16:49:54+00:00\",\"mainEntityOfPage\":{\"@id\":\"https:\\\/\\\/web-sme-csp.com\\\/bosnia-and-herzegovina\\\/2020\\\/06\\\/24\\\/modern-transport\\\/?lang=bs\"},\"wordCount\":373,\"publisher\":{\"@id\":\"https:\\\/\\\/web-sme-csp.com\\\/bosnia-and-herzegovina\\\/#organization\"},\"image\":{\"@id\":\"https:\\\/\\\/web-sme-csp.com\\\/bosnia-and-herzegovina\\\/2020\\\/06\\\/24\\\/modern-transport\\\/?lang=bs#primaryimage\"},\"thumbnailUrl\":\"https:\\\/\\\/web-sme-csp.com\\\/bosnia-and-herzegovina\\\/wp-content\\\/uploads\\\/sites\\\/4\\\/2020\\\/06\\\/transport.png\",\"articleSection\":[\"Success Stories\"],\"inLanguage\":\"bs-BA\"},{\"@type\":\"WebPage\",\"@id\":\"https:\\\/\\\/web-sme-csp.com\\\/bosnia-and-herzegovina\\\/2020\\\/06\\\/24\\\/modern-transport\\\/?lang=bs\",\"url\":\"https:\\\/\\\/web-sme-csp.com\\\/bosnia-and-herzegovina\\\/2020\\\/06\\\/24\\\/modern-transport\\\/?lang=bs\",\"name\":\"Moderan prevoz - web-sme-csp.com Bosnia_and_Herzegovina\",\"isPartOf\":{\"@id\":\"https:\\\/\\\/web-sme-csp.com\\\/bosnia-and-herzegovina\\\/#website\"},\"primaryImageOfPage\":{\"@id\":\"https:\\\/\\\/web-sme-csp.com\\\/bosnia-and-herzegovina\\\/2020\\\/06\\\/24\\\/modern-transport\\\/?lang=bs#primaryimage\"},\"image\":{\"@id\":\"https:\\\/\\\/web-sme-csp.com\\\/bosnia-and-herzegovina\\\/2020\\\/06\\\/24\\\/modern-transport\\\/?lang=bs#primaryimage\"},\"thumbnailUrl\":\"https:\\\/\\\/web-sme-csp.com\\\/bosnia-and-herzegovina\\\/wp-content\\\/uploads\\\/sites\\\/4\\\/2020\\\/06\\\/transport.png\",\"datePublished\":\"2020-06-24T09:18:56+00:00\",\"dateModified\":\"2020-07-17T16:49:54+00:00\",\"breadcrumb\":{\"@id\":\"https:\\\/\\\/web-sme-csp.com\\\/bosnia-and-herzegovina\\\/2020\\\/06\\\/24\\\/modern-transport\\\/?lang=bs#breadcrumb\"},\"inLanguage\":\"bs-BA\",\"potentialAction\":[{\"@type\":\"ReadAction\",\"target\":[\"https:\\\/\\\/web-sme-csp.com\\\/bosnia-and-herzegovina\\\/2020\\\/06\\\/24\\\/modern-transport\\\/?lang=bs\"]}]},{\"@type\":\"ImageObject\",\"inLanguage\":\"bs-BA\",\"@id\":\"https:\\\/\\\/web-sme-csp.com\\\/bosnia-and-herzegovina\\\/2020\\\/06\\\/24\\\/modern-transport\\\/?lang=bs#primaryimage\",\"url\":\"https:\\\/\\\/web-sme-csp.com\\\/bosnia-and-herzegovina\\\/wp-content\\\/uploads\\\/sites\\\/4\\\/2020\\\/06\\\/transport.png\",\"contentUrl\":\"https:\\\/\\\/web-sme-csp.com\\\/bosnia-and-herzegovina\\\/wp-content\\\/uploads\\\/sites\\\/4\\\/2020\\\/06\\\/transport.png\",\"width\":1628,\"height\":1218},{\"@type\":\"BreadcrumbList\",\"@id\":\"https:\\\/\\\/web-sme-csp.com\\\/bosnia-and-herzegovina\\\/2020\\\/06\\\/24\\\/modern-transport\\\/?lang=bs#breadcrumb\",\"itemListElement\":[{\"@type\":\"ListItem\",\"position\":1,\"name\":\"Home\",\"item\":\"https:\\\/\\\/web-sme-csp.com\\\/bosnia-and-herzegovina\\\/bs\\\/pocetna-stranica\\\/\"},{\"@type\":\"ListItem\",\"position\":2,\"name\":\"Moderan prevoz\"}]},{\"@type\":\"WebSite\",\"@id\":\"https:\\\/\\\/web-sme-csp.com\\\/bosnia-and-herzegovina\\\/#website\",\"url\":\"https:\\\/\\\/web-sme-csp.com\\\/bosnia-and-herzegovina\\\/\",\"name\":\"web-sme-csp.com Bosnia_and_Herzegovina\",\"description\":\"Bosnia_and_Herzegovina\",\"publisher\":{\"@id\":\"https:\\\/\\\/web-sme-csp.com\\\/bosnia-and-herzegovina\\\/#organization\"},\"potentialAction\":[{\"@type\":\"SearchAction\",\"target\":{\"@type\":\"EntryPoint\",\"urlTemplate\":\"https:\\\/\\\/web-sme-csp.com\\\/bosnia-and-herzegovina\\\/?s={search_term_string}\"},\"query-input\":{\"@type\":\"PropertyValueSpecification\",\"valueRequired\":true,\"valueName\":\"search_term_string\"}}],\"inLanguage\":\"bs-BA\"},{\"@type\":\"Organization\",\"@id\":\"https:\\\/\\\/web-sme-csp.com\\\/bosnia-and-herzegovina\\\/#organization\",\"name\":\"web-sme-csp.com Bosnia_and_Herzegovina\",\"url\":\"https:\\\/\\\/web-sme-csp.com\\\/bosnia-and-herzegovina\\\/\",\"logo\":{\"@type\":\"ImageObject\",\"inLanguage\":\"bs-BA\",\"@id\":\"https:\\\/\\\/web-sme-csp.com\\\/bosnia-and-herzegovina\\\/#\\\/schema\\\/logo\\\/image\\\/\",\"url\":\"https:\\\/\\\/web-sme-csp.com\\\/bosnia-and-herzegovina\\\/wp-content\\\/uploads\\\/sites\\\/4\\\/2019\\\/10\\\/cropped-logo-bosnia-transparent.png\",\"contentUrl\":\"https:\\\/\\\/web-sme-csp.com\\\/bosnia-and-herzegovina\\\/wp-content\\\/uploads\\\/sites\\\/4\\\/2019\\\/10\\\/cropped-logo-bosnia-transparent.png\",\"width\":1189,\"height\":250,\"caption\":\"web-sme-csp.com Bosnia_and_Herzegovina\"},\"image\":{\"@id\":\"https:\\\/\\\/web-sme-csp.com\\\/bosnia-and-herzegovina\\\/#\\\/schema\\\/logo\\\/image\\\/\"},\"sameAs\":[\"https:\\\/\\\/www.facebook.com\\\/PodrzavamoMSPuBiH\\\/\"]},{\"@type\":\"Person\",\"@id\":\"https:\\\/\\\/web-sme-csp.com\\\/bosnia-and-herzegovina\\\/#\\\/schema\\\/person\\\/ccff2b6822231caadaca866c7bf28a76\",\"name\":\"admin\",\"image\":{\"@type\":\"ImageObject\",\"inLanguage\":\"bs-BA\",\"@id\":\"https:\\\/\\\/secure.gravatar.com\\\/avatar\\\/ab83f7ac52a92742f8915b650aae5f0b625bf3bf2a075d99817152c012d020bb?s=96&d=mm&r=g\",\"url\":\"https:\\\/\\\/secure.gravatar.com\\\/avatar\\\/ab83f7ac52a92742f8915b650aae5f0b625bf3bf2a075d99817152c012d020bb?s=96&d=mm&r=g\",\"contentUrl\":\"https:\\\/\\\/secure.gravatar.com\\\/avatar\\\/ab83f7ac52a92742f8915b650aae5f0b625bf3bf2a075d99817152c012d020bb?s=96&d=mm&r=g\",\"caption\":\"admin\"},\"url\":\"https:\\\/\\\/web-sme-csp.com\\\/bosnia-and-herzegovina\\\/bs\\\/author\\\/server_ph8150u1\\\/\"}]}<\/script>\n<!-- \/ Yoast SEO plugin. -->","yoast_head_json":{"title":"Moderan prevoz - web-sme-csp.com Bosnia_and_Herzegovina","robots":{"index":"index","follow":"follow","max-snippet":"max-snippet:-1","max-image-preview":"max-image-preview:large","max-video-preview":"max-video-preview:-1"},"canonical":"https:\/\/web-sme-csp.com\/bosnia-and-herzegovina\/2020\/06\/24\/modern-transport\/?lang=bs","og_locale":"bs_BA","og_type":"article","og_title":"Moderan prevoz - web-sme-csp.com Bosnia_and_Herzegovina","og_description":"\u0106i\u0107ko Commerce d.o.o. je dru\u0161tvo s ograni\u010denom odgovorno\u0161\u0107u u privatnom vlasni\u0161tvu koje je osnovano 1996. \u010ditaj vi\u0161eskinuti","og_url":"https:\/\/web-sme-csp.com\/bosnia-and-herzegovina\/2020\/06\/24\/modern-transport\/?lang=bs","og_site_name":"web-sme-csp.com Bosnia_and_Herzegovina","article_publisher":"https:\/\/www.facebook.com\/PodrzavamoMSPuBiH\/","article_published_time":"2020-06-24T09:18:56+00:00","article_modified_time":"2020-07-17T16:49:54+00:00","og_image":[{"width":1024,"height":766,"url":"https:\/\/web-sme-csp.com\/bosnia-and-herzegovina\/wp-content\/uploads\/sites\/4\/2020\/06\/transport-1024x766.png","type":"image\/png"}],"author":"admin","twitter_card":"summary_large_image","twitter_misc":{"Written by":"admin","Est. reading time":"2 minute"},"schema":{"@context":"https:\/\/schema.org","@graph":[{"@type":"Article","@id":"https:\/\/web-sme-csp.com\/bosnia-and-herzegovina\/2020\/06\/24\/modern-transport\/?lang=bs#article","isPartOf":{"@id":"https:\/\/web-sme-csp.com\/bosnia-and-herzegovina\/2020\/06\/24\/modern-transport\/?lang=bs"},"author":{"name":"admin","@id":"https:\/\/web-sme-csp.com\/bosnia-and-herzegovina\/#\/schema\/person\/ccff2b6822231caadaca866c7bf28a76"},"headline":"Moderan prevoz","datePublished":"2020-06-24T09:18:56+00:00","dateModified":"2020-07-17T16:49:54+00:00","mainEntityOfPage":{"@id":"https:\/\/web-sme-csp.com\/bosnia-and-herzegovina\/2020\/06\/24\/modern-transport\/?lang=bs"},"wordCount":373,"publisher":{"@id":"https:\/\/web-sme-csp.com\/bosnia-and-herzegovina\/#organization"},"image":{"@id":"https:\/\/web-sme-csp.com\/bosnia-and-herzegovina\/2020\/06\/24\/modern-transport\/?lang=bs#primaryimage"},"thumbnailUrl":"https:\/\/web-sme-csp.com\/bosnia-and-herzegovina\/wp-content\/uploads\/sites\/4\/2020\/06\/transport.png","articleSection":["Success Stories"],"inLanguage":"bs-BA"},{"@type":"WebPage","@id":"https:\/\/web-sme-csp.com\/bosnia-and-herzegovina\/2020\/06\/24\/modern-transport\/?lang=bs","url":"https:\/\/web-sme-csp.com\/bosnia-and-herzegovina\/2020\/06\/24\/modern-transport\/?lang=bs","name":"Moderan prevoz - web-sme-csp.com Bosnia_and_Herzegovina","isPartOf":{"@id":"https:\/\/web-sme-csp.com\/bosnia-and-herzegovina\/#website"},"primaryImageOfPage":{"@id":"https:\/\/web-sme-csp.com\/bosnia-and-herzegovina\/2020\/06\/24\/modern-transport\/?lang=bs#primaryimage"},"image":{"@id":"https:\/\/web-sme-csp.com\/bosnia-and-herzegovina\/2020\/06\/24\/modern-transport\/?lang=bs#primaryimage"},"thumbnailUrl":"https:\/\/web-sme-csp.com\/bosnia-and-herzegovina\/wp-content\/uploads\/sites\/4\/2020\/06\/transport.png","datePublished":"2020-06-24T09:18:56+00:00","dateModified":"2020-07-17T16:49:54+00:00","breadcrumb":{"@id":"https:\/\/web-sme-csp.com\/bosnia-and-herzegovina\/2020\/06\/24\/modern-transport\/?lang=bs#breadcrumb"},"inLanguage":"bs-BA","potentialAction":[{"@type":"ReadAction","target":["https:\/\/web-sme-csp.com\/bosnia-and-herzegovina\/2020\/06\/24\/modern-transport\/?lang=bs"]}]},{"@type":"ImageObject","inLanguage":"bs-BA","@id":"https:\/\/web-sme-csp.com\/bosnia-and-herzegovina\/2020\/06\/24\/modern-transport\/?lang=bs#primaryimage","url":"https:\/\/web-sme-csp.com\/bosnia-and-herzegovina\/wp-content\/uploads\/sites\/4\/2020\/06\/transport.png","contentUrl":"https:\/\/web-sme-csp.com\/bosnia-and-herzegovina\/wp-content\/uploads\/sites\/4\/2020\/06\/transport.png","width":1628,"height":1218},{"@type":"BreadcrumbList","@id":"https:\/\/web-sme-csp.com\/bosnia-and-herzegovina\/2020\/06\/24\/modern-transport\/?lang=bs#breadcrumb","itemListElement":[{"@type":"ListItem","position":1,"name":"Home","item":"https:\/\/web-sme-csp.com\/bosnia-and-herzegovina\/bs\/pocetna-stranica\/"},{"@type":"ListItem","position":2,"name":"Moderan prevoz"}]},{"@type":"WebSite","@id":"https:\/\/web-sme-csp.com\/bosnia-and-herzegovina\/#website","url":"https:\/\/web-sme-csp.com\/bosnia-and-herzegovina\/","name":"web-sme-csp.com Bosnia_and_Herzegovina","description":"Bosnia_and_Herzegovina","publisher":{"@id":"https:\/\/web-sme-csp.com\/bosnia-and-herzegovina\/#organization"},"potentialAction":[{"@type":"SearchAction","target":{"@type":"EntryPoint","urlTemplate":"https:\/\/web-sme-csp.com\/bosnia-and-herzegovina\/?s={search_term_string}"},"query-input":{"@type":"PropertyValueSpecification","valueRequired":true,"valueName":"search_term_string"}}],"inLanguage":"bs-BA"},{"@type":"Organization","@id":"https:\/\/web-sme-csp.com\/bosnia-and-herzegovina\/#organization","name":"web-sme-csp.com Bosnia_and_Herzegovina","url":"https:\/\/web-sme-csp.com\/bosnia-and-herzegovina\/","logo":{"@type":"ImageObject","inLanguage":"bs-BA","@id":"https:\/\/web-sme-csp.com\/bosnia-and-herzegovina\/#\/schema\/logo\/image\/","url":"https:\/\/web-sme-csp.com\/bosnia-and-herzegovina\/wp-content\/uploads\/sites\/4\/2019\/10\/cropped-logo-bosnia-transparent.png","contentUrl":"https:\/\/web-sme-csp.com\/bosnia-and-herzegovina\/wp-content\/uploads\/sites\/4\/2019\/10\/cropped-logo-bosnia-transparent.png","width":1189,"height":250,"caption":"web-sme-csp.com Bosnia_and_Herzegovina"},"image":{"@id":"https:\/\/web-sme-csp.com\/bosnia-and-herzegovina\/#\/schema\/logo\/image\/"},"sameAs":["https:\/\/www.facebook.com\/PodrzavamoMSPuBiH\/"]},{"@type":"Person","@id":"https:\/\/web-sme-csp.com\/bosnia-and-herzegovina\/#\/schema\/person\/ccff2b6822231caadaca866c7bf28a76","name":"admin","image":{"@type":"ImageObject","inLanguage":"bs-BA","@id":"https:\/\/secure.gravatar.com\/avatar\/ab83f7ac52a92742f8915b650aae5f0b625bf3bf2a075d99817152c012d020bb?s=96&d=mm&r=g","url":"https:\/\/secure.gravatar.com\/avatar\/ab83f7ac52a92742f8915b650aae5f0b625bf3bf2a075d99817152c012d020bb?s=96&d=mm&r=g","contentUrl":"https:\/\/secure.gravatar.com\/avatar\/ab83f7ac52a92742f8915b650aae5f0b625bf3bf2a075d99817152c012d020bb?s=96&d=mm&r=g","caption":"admin"},"url":"https:\/\/web-sme-csp.com\/bosnia-and-herzegovina\/bs\/author\/server_ph8150u1\/"}]}},"_links":{"self":[{"href":"https:\/\/web-sme-csp.com\/bosnia-and-herzegovina\/bs\/wp-json\/wp\/v2\/posts\/596","targetHints":{"allow":["GET"]}}],"collection":[{"href":"https:\/\/web-sme-csp.com\/bosnia-and-herzegovina\/bs\/wp-json\/wp\/v2\/posts"}],"about":[{"href":"https:\/\/web-sme-csp.com\/bosnia-and-herzegovina\/bs\/wp-json\/wp\/v2\/types\/post"}],"author":[{"embeddable":true,"href":"https:\/\/web-sme-csp.com\/bosnia-and-herzegovina\/bs\/wp-json\/wp\/v2\/users\/1"}],"replies":[{"embeddable":true,"href":"https:\/\/web-sme-csp.com\/bosnia-and-herzegovina\/bs\/wp-json\/wp\/v2\/comments?post=596"}],"version-history":[{"count":8,"href":"https:\/\/web-sme-csp.com\/bosnia-and-herzegovina\/bs\/wp-json\/wp\/v2\/posts\/596\/revisions"}],"predecessor-version":[{"id":655,"href":"https:\/\/web-sme-csp.com\/bosnia-and-herzegovina\/bs\/wp-json\/wp\/v2\/posts\/596\/revisions\/655"}],"wp:featuredmedia":[{"embeddable":true,"href":"https:\/\/web-sme-csp.com\/bosnia-and-herzegovina\/bs\/wp-json\/wp\/v2\/media\/502"}],"wp:attachment":[{"href":"https:\/\/web-sme-csp.com\/bosnia-and-herzegovina\/bs\/wp-json\/wp\/v2\/media?parent=596"}],"wp:term":[{"taxonomy":"category","embeddable":true,"href":"https:\/\/web-sme-csp.com\/bosnia-and-herzegovina\/bs\/wp-json\/wp\/v2\/categories?post=596"},{"taxonomy":"post_tag","embeddable":true,"href":"https:\/\/web-sme-csp.com\/bosnia-and-herzegovina\/bs\/wp-json\/wp\/v2\/tags?post=596"}],"curies":[{"name":"wp","href":"https:\/\/api.w.org\/{rel}","templated":true}]}}