{"id":588,"date":"2020-06-24T09:09:39","date_gmt":"2020-06-24T09:09:39","guid":{"rendered":"https:\/\/web-sme-csp.com\/bosnia-and-herzegovina\/?p=588"},"modified":"2020-09-30T14:18:36","modified_gmt":"2020-09-30T14:18:36","slug":"advances-in-production-of-packaging-materials","status":"publish","type":"post","link":"https:\/\/web-sme-csp.com\/bosnia-and-herzegovina\/bs\/2020\/06\/24\/advances-in-production-of-packaging-materials\/","title":{"rendered":"Napredak u proizvodnji ambala\u017enog materijala"},"content":{"rendered":"\t\t<div data-elementor-type=\"wp-post\" data-elementor-id=\"588\" class=\"elementor elementor-588\" data-elementor-post-type=\"post\">\n\t\t\t\t\t\t<section class=\"elementor-section elementor-top-section elementor-element elementor-element-3fa91dfd elementor-section-full_width elementor-section-height-default elementor-section-height-default\" data-id=\"3fa91dfd\" data-element_type=\"section\" data-e-type=\"section\">\n\t\t\t\t\t\t<div class=\"elementor-container elementor-column-gap-no\">\n\t\t\t\t\t<div class=\"elementor-column elementor-col-100 elementor-top-column elementor-element elementor-element-57a29957\" data-id=\"57a29957\" data-element_type=\"column\" data-e-type=\"column\">\n\t\t\t<div class=\"elementor-widget-wrap elementor-element-populated\">\n\t\t\t\t\t\t<div class=\"elementor-element elementor-element-62a9043a elementor-skin-carousel elementor-widget elementor-widget-media-carousel\" data-id=\"62a9043a\" data-element_type=\"widget\" data-e-type=\"widget\" data-settings=\"{&quot;space_between&quot;:{&quot;unit&quot;:&quot;px&quot;,&quot;size&quot;:0,&quot;sizes&quot;:[]},&quot;skin&quot;:&quot;carousel&quot;,&quot;effect&quot;:&quot;slide&quot;,&quot;speed&quot;:500,&quot;autoplay&quot;:&quot;yes&quot;,&quot;autoplay_speed&quot;:5000,&quot;loop&quot;:&quot;yes&quot;,&quot;pause_on_hover&quot;:&quot;yes&quot;,&quot;pause_on_interaction&quot;:&quot;yes&quot;,&quot;space_between_tablet&quot;:{&quot;unit&quot;:&quot;px&quot;,&quot;size&quot;:10,&quot;sizes&quot;:[]},&quot;space_between_mobile&quot;:{&quot;unit&quot;:&quot;px&quot;,&quot;size&quot;:10,&quot;sizes&quot;:[]}}\" data-widget_type=\"media-carousel.default\">\n\t\t\t\t<div class=\"elementor-widget-container\">\n\t\t\t\t\t\t\t\t\t<div class=\"elementor-swiper\">\n\t\t\t\t\t<div class=\"elementor-main-swiper swiper\" role=\"region\" aria-roledescription=\"carousel\" aria-label=\"Slides\">\n\t\t\t\t<div class=\"swiper-wrapper\">\n\t\t\t\t\t\t\t\t\t\t\t<div class=\"swiper-slide\" role=\"group\" aria-roledescription=\"slide\">\n\t\t\t\t\t\t\t\t\t<div class=\"elementor-carousel-image\" role=\"img\" aria-label=\"\" style=\"background-image: url(&#039;https:\/\/web-sme-csp.com\/kosovo\/wp-content\/uploads\/sites\/3\/2020\/02\/395129-PCH2M7-589-e1552605691578.jpg&#039;)\">\n\n\t\t\t\n\t\t\t\t\t<\/div>\n\t\t\t\t\t\t\t\t<\/div>\n\t\t\t\t\t\t\t\t\t<\/div>\n\t\t\t\t\t\t\t<\/div>\n\t\t\t\t<\/div>\n\t\t\t\t\t\t\t\t<\/div>\n\t\t\t\t<\/div>\n\t\t\t\t<section class=\"elementor-section elementor-inner-section elementor-element elementor-element-32db946d elementor-section-boxed elementor-section-height-default elementor-section-height-default\" data-id=\"32db946d\" data-element_type=\"section\" data-e-type=\"section\">\n\t\t\t\t\t\t<div class=\"elementor-container elementor-column-gap-default\">\n\t\t\t\t\t<div class=\"elementor-column elementor-col-100 elementor-inner-column elementor-element elementor-element-1207a73e\" data-id=\"1207a73e\" data-element_type=\"column\" data-e-type=\"column\">\n\t\t\t<div class=\"elementor-widget-wrap\">\n\t\t\t\t\t\t\t<\/div>\n\t\t<\/div>\n\t\t\t\t\t<\/div>\n\t\t<\/section>\n\t\t\t\t\t<\/div>\n\t\t<\/div>\n\t\t\t\t\t<\/div>\n\t\t<\/section>\n\t\t\t\t<section class=\"elementor-section elementor-top-section elementor-element elementor-element-774c4a66 elementor-section-content-middle elementor-section-boxed elementor-section-height-default elementor-section-height-default\" data-id=\"774c4a66\" data-element_type=\"section\" data-e-type=\"section\" data-settings=\"{&quot;background_background&quot;:&quot;classic&quot;}\">\n\t\t\t\t\t\t<div class=\"elementor-container elementor-column-gap-default\">\n\t\t\t\t\t<div class=\"elementor-column elementor-col-100 elementor-top-column elementor-element elementor-element-4f5a5368\" data-id=\"4f5a5368\" data-element_type=\"column\" data-e-type=\"column\" data-settings=\"{&quot;background_background&quot;:&quot;classic&quot;}\">\n\t\t\t<div class=\"elementor-widget-wrap elementor-element-populated\">\n\t\t\t\t\t\t<div class=\"elementor-element elementor-element-1046541f elementor-widget elementor-widget-heading\" data-id=\"1046541f\" data-element_type=\"widget\" data-e-type=\"widget\" data-widget_type=\"heading.default\">\n\t\t\t\t<div class=\"elementor-widget-container\">\n\t\t\t\t\t<h1 class=\"elementor-heading-title elementor-size-default\">Napredak u proizvodnji ambala\u017enog materijala<\/h1>\t\t\t\t<\/div>\n\t\t\t\t<\/div>\n\t\t\t\t\t<\/div>\n\t\t<\/div>\n\t\t\t\t\t<\/div>\n\t\t<\/section>\n\t\t\t\t<section class=\"elementor-section elementor-top-section elementor-element elementor-element-62e3e926 elementor-section-boxed elementor-section-height-default elementor-section-height-default\" data-id=\"62e3e926\" data-element_type=\"section\" data-e-type=\"section\">\n\t\t\t\t\t\t<div class=\"elementor-container elementor-column-gap-default\">\n\t\t\t\t\t<div class=\"elementor-column elementor-col-100 elementor-top-column elementor-element elementor-element-780e3e4f\" data-id=\"780e3e4f\" data-element_type=\"column\" data-e-type=\"column\">\n\t\t\t<div class=\"elementor-widget-wrap elementor-element-populated\">\n\t\t\t\t\t\t<section class=\"elementor-section elementor-inner-section elementor-element elementor-element-3b8a9d4d elementor-section-boxed elementor-section-height-default elementor-section-height-default\" data-id=\"3b8a9d4d\" data-element_type=\"section\" data-e-type=\"section\">\n\t\t\t\t\t\t<div class=\"elementor-container elementor-column-gap-default\">\n\t\t\t\t\t<div class=\"elementor-column elementor-col-50 elementor-inner-column elementor-element elementor-element-72da5595\" data-id=\"72da5595\" data-element_type=\"column\" data-e-type=\"column\">\n\t\t\t<div class=\"elementor-widget-wrap elementor-element-populated\">\n\t\t\t\t\t\t<div class=\"elementor-element elementor-element-57614578 elementor-widget elementor-widget-text-editor\" data-id=\"57614578\" data-element_type=\"widget\" data-e-type=\"widget\" data-widget_type=\"text-editor.default\">\n\t\t\t\t<div class=\"elementor-widget-container\">\n\t\t\t\t\t\t\t\t\t<p>C.P.A. d.o.o. Toj\u0161i\u0107i je fabrika za proizvodnju kartonske ambala\u017ee, kao i za proizvodnju aluminijskih i plasti\u010dnih vrata i prozora.\u00a0 Osnovana je 1978. godine u sastavu\u00a0 SodaSo Holding-a, te je privatizacija preduze\u0107a zavr\u0161ena 2001. godine, a trenutno sjedi\u0161te je u Toj\u0161i\u0107ima, Kalesija.<\/p><p>Osnovna djelatnost kompanije je proizvodnja ambala\u017enog materijala, koji predstavlja vi\u0161e od 90% prodaje. Trgovina na veliko kancelarijskim materijalom \u010dini 9%, a aluminijska i plasti\u010dna vrata i prozori \u010dine samo 1% od ukupne prodaje.<\/p><p>Kako bi pobolj\u0161ala svoju konkurentnost na tr\u017ei\u0161tu ambala\u017enog materijala, kompanija je odlu\u010dila investirati u nove ma\u0161ine. Nova ma\u0161ina ima pet mogu\u0107nosti printanja u boji, pru\u017eaju\u0107i kvalitetniji proizvod i istovremeno pove\u0107avaju\u0107i proizvodni kapacitet, te smanjuju\u0107i otpad. Vi\u0161i nivo automatizacije pobolj\u0161ava standarde za\u0161tite na radu i smanjuje izlo\u017eenost zaposlenika povredama.<\/p><p>Kompanija je dobila besplatnu tehni\u010dku pomo\u0107 za optimizaciju svog investicijskog projekta i 15% bespovratnih sredstava nakon uspje\u0161ne provjere projekta, finansiranih od strane Europske unije.<\/p><p>Sa investicijom, kompanija ispunjava \u0161irok raspon standarda, uklju\u010duju\u0107i:<\/p><ul><li style=\"list-style-type: none;\"><ul><li>Direktiva 2006\/42\/EZ o ma\u0161inama, izmjenama i dopunama Direktive 95\/16\/EC (preina\u010dena);<\/li><li>Direktiva 2014\/30\/EU koja se odnosi na elektromagnetnu kompatibilnost (preina\u010dena) i<\/li><li>Direktiva 2014\/35\/EU koja se odnosi na elektri\u010dnu opremu, napravljenu za upotrebu u odre\u0111enim granicama napona.<\/li><\/ul><\/li><\/ul>\t\t\t\t\t\t\t\t<\/div>\n\t\t\t\t<\/div>\n\t\t\t\t\t<\/div>\n\t\t<\/div>\n\t\t\t\t<div class=\"elementor-column elementor-col-50 elementor-inner-column elementor-element elementor-element-668f978b\" data-id=\"668f978b\" data-element_type=\"column\" data-e-type=\"column\">\n\t\t\t<div class=\"elementor-widget-wrap elementor-element-populated\">\n\t\t\t\t\t\t<div class=\"elementor-element elementor-element-2af25dc1 elementor-widget elementor-widget-spacer\" data-id=\"2af25dc1\" data-element_type=\"widget\" data-e-type=\"widget\" data-widget_type=\"spacer.default\">\n\t\t\t\t<div class=\"elementor-widget-container\">\n\t\t\t\t\t\t\t<div class=\"elementor-spacer\">\n\t\t\t<div class=\"elementor-spacer-inner\"><\/div>\n\t\t<\/div>\n\t\t\t\t\t\t<\/div>\n\t\t\t\t<\/div>\n\t\t\t\t<div class=\"elementor-element elementor-element-32a88d81 elementor-widget elementor-widget-spacer\" data-id=\"32a88d81\" data-element_type=\"widget\" data-e-type=\"widget\" data-widget_type=\"spacer.default\">\n\t\t\t\t<div class=\"elementor-widget-container\">\n\t\t\t\t\t\t\t<div class=\"elementor-spacer\">\n\t\t\t<div class=\"elementor-spacer-inner\"><\/div>\n\t\t<\/div>\n\t\t\t\t\t\t<\/div>\n\t\t\t\t<\/div>\n\t\t\t\t<div class=\"elementor-element elementor-element-32cdb162 elementor-widget elementor-widget-text-editor\" data-id=\"32cdb162\" data-element_type=\"widget\" data-e-type=\"widget\" data-widget_type=\"text-editor.default\">\n\t\t\t\t<div class=\"elementor-widget-container\">\n\t\t\t\t\t\t\t\t\t<table width=\"238\"><tbody><tr><td width=\"95\"><h4><strong>Iznos <\/strong><\/h4><h4><strong>kredita:<\/strong><\/h4><\/td><td width=\"142\"><h4><strong>409.033 <\/strong><strong>\u20ac<\/strong> <strong>\u00a0<\/strong><\/h4><\/td><\/tr><tr><td width=\"95\"><h4><strong>Iznos<\/strong><\/h4><h4><strong>granta:<\/strong><\/h4><\/td><td width=\"142\"><h4><strong>61.355 <\/strong><strong>\u20ac<\/strong><\/h4><\/td><\/tr><tr><td width=\"95\"><h4><strong>Ispunjene EU direktive:<\/strong><\/h4><h4><strong>\u00a0<\/strong><\/h4><\/td><td width=\"142\"><h4>Direktive o ma\u0161inama, elektromagnetnoj kompatibilnosti i profesionalnom zdravlju i sigurnosti<\/h4><\/td><\/tr><tr><td width=\"95\"><h4><strong>Investirano u:<\/strong><\/h4><h4><strong>\u00a0<\/strong><\/h4><\/td><td width=\"142\"><h4>Offset \u0161tampa\u010d, rezervni dijelovi, \u010detka za pranje i usisiva\u010d<\/h4><\/td><\/tr><\/tbody><\/table>\t\t\t\t\t\t\t\t<\/div>\n\t\t\t\t<\/div>\n\t\t\t\t\t<\/div>\n\t\t<\/div>\n\t\t\t\t\t<\/div>\n\t\t<\/section>\n\t\t\t\t\t<\/div>\n\t\t<\/div>\n\t\t\t\t\t<\/div>\n\t\t<\/section>\n\t\t\t\t<section class=\"elementor-section elementor-top-section elementor-element elementor-element-db0bd65 elementor-section-boxed elementor-section-height-default elementor-section-height-default\" data-id=\"db0bd65\" data-element_type=\"section\" data-e-type=\"section\">\n\t\t\t\t\t\t<div class=\"elementor-container elementor-column-gap-default\">\n\t\t\t\t\t<div class=\"elementor-column elementor-col-100 elementor-top-column elementor-element elementor-element-6c98592c\" data-id=\"6c98592c\" data-element_type=\"column\" data-e-type=\"column\">\n\t\t\t<div class=\"elementor-widget-wrap\">\n\t\t\t\t\t\t\t<\/div>\n\t\t<\/div>\n\t\t\t\t\t<\/div>\n\t\t<\/section>\n\t\t\t\t<\/div>\n\t\t","protected":false},"excerpt":{"rendered":"<p>C.P.A. d.o.o. Toj\u0161i\u0107i je fabrika za proizvodnju kartonske ambala\u017ee, kao i za proizvodnju aluminijskih i plasti\u010dnih vrata i prozora.  Osnovana<br \/>\n<br \/>\n<a href=\"https:\/\/web-sme-csp.com\/bosnia-and-herzegovina\/2020\/06\/24\/advances-in-production-of-packaging-materials\/?lang=bs\" class=\"elementor-button cust-button\" role=\"button\">\u010ditaj vi\u0161e<\/a><a href=\"https:\/\/web-sme-csp.com\/bosnia-and-herzegovina\/wp-content\/uploads\/sites\/4\/2020\/06\/WEB-BiH-SUCCESS-Rajz-ENG.pdf\" class=\"elementor-button cust-button\" role=\"button\">skinuti<\/a><\/p>\n","protected":false},"author":1,"featured_media":510,"comment_status":"closed","ping_status":"open","sticky":false,"template":"elementor_header_footer","format":"standard","meta":{"footnotes":""},"categories":[11],"tags":[],"class_list":["post-588","post","type-post","status-publish","format-standard","has-post-thumbnail","hentry","category-success-stories"],"yoast_head":"<!-- This site is optimized with the Yoast SEO plugin v27.5 - https:\/\/yoast.com\/product\/yoast-seo-wordpress\/ -->\n<title>Napredak u proizvodnji ambala\u017enog materijala - web-sme-csp.com Bosnia_and_Herzegovina<\/title>\n<meta name=\"robots\" content=\"index, follow, max-snippet:-1, max-image-preview:large, max-video-preview:-1\" \/>\n<link rel=\"canonical\" href=\"https:\/\/web-sme-csp.com\/bosnia-and-herzegovina\/2020\/06\/24\/advances-in-production-of-packaging-materials\/?lang=bs\" \/>\n<meta property=\"og:locale\" content=\"bs_BA\" \/>\n<meta property=\"og:type\" content=\"article\" \/>\n<meta property=\"og:title\" content=\"Napredak u proizvodnji ambala\u017enog materijala - web-sme-csp.com Bosnia_and_Herzegovina\" \/>\n<meta property=\"og:description\" content=\"C.P.A. d.o.o. Toj\u0161i\u0107i je fabrika za proizvodnju kartonske ambala\u017ee, kao i za proizvodnju aluminijskih i plasti\u010dnih vrata i prozora. Osnovana \u010ditaj vi\u0161eskinuti\" \/>\n<meta property=\"og:url\" content=\"https:\/\/web-sme-csp.com\/bosnia-and-herzegovina\/2020\/06\/24\/advances-in-production-of-packaging-materials\/?lang=bs\" \/>\n<meta property=\"og:site_name\" content=\"web-sme-csp.com Bosnia_and_Herzegovina\" \/>\n<meta property=\"article:publisher\" content=\"https:\/\/www.facebook.com\/PodrzavamoMSPuBiH\/\" \/>\n<meta property=\"article:published_time\" content=\"2020-06-24T09:09:39+00:00\" \/>\n<meta property=\"article:modified_time\" content=\"2020-09-30T14:18:36+00:00\" \/>\n<meta property=\"og:image\" content=\"https:\/\/web-sme-csp.com\/bosnia-and-herzegovina\/wp-content\/uploads\/sites\/4\/2020\/06\/CPA.png\" \/>\n\t<meta property=\"og:image:width\" content=\"800\" \/>\n\t<meta property=\"og:image:height\" content=\"602\" \/>\n\t<meta property=\"og:image:type\" content=\"image\/png\" \/>\n<meta name=\"author\" content=\"admin\" \/>\n<meta name=\"twitter:card\" content=\"summary_large_image\" \/>\n<meta name=\"twitter:label1\" content=\"Written by\" \/>\n\t<meta name=\"twitter:data1\" content=\"admin\" \/>\n\t<meta name=\"twitter:label2\" content=\"Est. reading time\" \/>\n\t<meta name=\"twitter:data2\" content=\"1 minuta\" \/>\n<script type=\"application\/ld+json\" class=\"yoast-schema-graph\">{\"@context\":\"https:\\\/\\\/schema.org\",\"@graph\":[{\"@type\":\"Article\",\"@id\":\"https:\\\/\\\/web-sme-csp.com\\\/bosnia-and-herzegovina\\\/2020\\\/06\\\/24\\\/advances-in-production-of-packaging-materials\\\/?lang=bs#article\",\"isPartOf\":{\"@id\":\"https:\\\/\\\/web-sme-csp.com\\\/bosnia-and-herzegovina\\\/2020\\\/06\\\/24\\\/advances-in-production-of-packaging-materials\\\/?lang=bs\"},\"author\":{\"name\":\"admin\",\"@id\":\"https:\\\/\\\/web-sme-csp.com\\\/bosnia-and-herzegovina\\\/#\\\/schema\\\/person\\\/ccff2b6822231caadaca866c7bf28a76\"},\"headline\":\"Napredak u proizvodnji ambala\u017enog materijala\",\"datePublished\":\"2020-06-24T09:09:39+00:00\",\"dateModified\":\"2020-09-30T14:18:36+00:00\",\"mainEntityOfPage\":{\"@id\":\"https:\\\/\\\/web-sme-csp.com\\\/bosnia-and-herzegovina\\\/2020\\\/06\\\/24\\\/advances-in-production-of-packaging-materials\\\/?lang=bs\"},\"wordCount\":271,\"publisher\":{\"@id\":\"https:\\\/\\\/web-sme-csp.com\\\/bosnia-and-herzegovina\\\/#organization\"},\"image\":{\"@id\":\"https:\\\/\\\/web-sme-csp.com\\\/bosnia-and-herzegovina\\\/2020\\\/06\\\/24\\\/advances-in-production-of-packaging-materials\\\/?lang=bs#primaryimage\"},\"thumbnailUrl\":\"https:\\\/\\\/web-sme-csp.com\\\/bosnia-and-herzegovina\\\/wp-content\\\/uploads\\\/sites\\\/4\\\/2020\\\/06\\\/CPA.png\",\"articleSection\":[\"Success Stories\"],\"inLanguage\":\"bs-BA\"},{\"@type\":\"WebPage\",\"@id\":\"https:\\\/\\\/web-sme-csp.com\\\/bosnia-and-herzegovina\\\/2020\\\/06\\\/24\\\/advances-in-production-of-packaging-materials\\\/?lang=bs\",\"url\":\"https:\\\/\\\/web-sme-csp.com\\\/bosnia-and-herzegovina\\\/2020\\\/06\\\/24\\\/advances-in-production-of-packaging-materials\\\/?lang=bs\",\"name\":\"Napredak u proizvodnji ambala\u017enog materijala - web-sme-csp.com Bosnia_and_Herzegovina\",\"isPartOf\":{\"@id\":\"https:\\\/\\\/web-sme-csp.com\\\/bosnia-and-herzegovina\\\/#website\"},\"primaryImageOfPage\":{\"@id\":\"https:\\\/\\\/web-sme-csp.com\\\/bosnia-and-herzegovina\\\/2020\\\/06\\\/24\\\/advances-in-production-of-packaging-materials\\\/?lang=bs#primaryimage\"},\"image\":{\"@id\":\"https:\\\/\\\/web-sme-csp.com\\\/bosnia-and-herzegovina\\\/2020\\\/06\\\/24\\\/advances-in-production-of-packaging-materials\\\/?lang=bs#primaryimage\"},\"thumbnailUrl\":\"https:\\\/\\\/web-sme-csp.com\\\/bosnia-and-herzegovina\\\/wp-content\\\/uploads\\\/sites\\\/4\\\/2020\\\/06\\\/CPA.png\",\"datePublished\":\"2020-06-24T09:09:39+00:00\",\"dateModified\":\"2020-09-30T14:18:36+00:00\",\"breadcrumb\":{\"@id\":\"https:\\\/\\\/web-sme-csp.com\\\/bosnia-and-herzegovina\\\/2020\\\/06\\\/24\\\/advances-in-production-of-packaging-materials\\\/?lang=bs#breadcrumb\"},\"inLanguage\":\"bs-BA\",\"potentialAction\":[{\"@type\":\"ReadAction\",\"target\":[\"https:\\\/\\\/web-sme-csp.com\\\/bosnia-and-herzegovina\\\/2020\\\/06\\\/24\\\/advances-in-production-of-packaging-materials\\\/?lang=bs\"]}]},{\"@type\":\"ImageObject\",\"inLanguage\":\"bs-BA\",\"@id\":\"https:\\\/\\\/web-sme-csp.com\\\/bosnia-and-herzegovina\\\/2020\\\/06\\\/24\\\/advances-in-production-of-packaging-materials\\\/?lang=bs#primaryimage\",\"url\":\"https:\\\/\\\/web-sme-csp.com\\\/bosnia-and-herzegovina\\\/wp-content\\\/uploads\\\/sites\\\/4\\\/2020\\\/06\\\/CPA.png\",\"contentUrl\":\"https:\\\/\\\/web-sme-csp.com\\\/bosnia-and-herzegovina\\\/wp-content\\\/uploads\\\/sites\\\/4\\\/2020\\\/06\\\/CPA.png\",\"width\":800,\"height\":602},{\"@type\":\"BreadcrumbList\",\"@id\":\"https:\\\/\\\/web-sme-csp.com\\\/bosnia-and-herzegovina\\\/2020\\\/06\\\/24\\\/advances-in-production-of-packaging-materials\\\/?lang=bs#breadcrumb\",\"itemListElement\":[{\"@type\":\"ListItem\",\"position\":1,\"name\":\"Home\",\"item\":\"https:\\\/\\\/web-sme-csp.com\\\/bosnia-and-herzegovina\\\/bs\\\/pocetna-stranica\\\/\"},{\"@type\":\"ListItem\",\"position\":2,\"name\":\"Napredak u proizvodnji ambala\u017enog materijala\"}]},{\"@type\":\"WebSite\",\"@id\":\"https:\\\/\\\/web-sme-csp.com\\\/bosnia-and-herzegovina\\\/#website\",\"url\":\"https:\\\/\\\/web-sme-csp.com\\\/bosnia-and-herzegovina\\\/\",\"name\":\"web-sme-csp.com Bosnia_and_Herzegovina\",\"description\":\"Bosnia_and_Herzegovina\",\"publisher\":{\"@id\":\"https:\\\/\\\/web-sme-csp.com\\\/bosnia-and-herzegovina\\\/#organization\"},\"potentialAction\":[{\"@type\":\"SearchAction\",\"target\":{\"@type\":\"EntryPoint\",\"urlTemplate\":\"https:\\\/\\\/web-sme-csp.com\\\/bosnia-and-herzegovina\\\/?s={search_term_string}\"},\"query-input\":{\"@type\":\"PropertyValueSpecification\",\"valueRequired\":true,\"valueName\":\"search_term_string\"}}],\"inLanguage\":\"bs-BA\"},{\"@type\":\"Organization\",\"@id\":\"https:\\\/\\\/web-sme-csp.com\\\/bosnia-and-herzegovina\\\/#organization\",\"name\":\"web-sme-csp.com Bosnia_and_Herzegovina\",\"url\":\"https:\\\/\\\/web-sme-csp.com\\\/bosnia-and-herzegovina\\\/\",\"logo\":{\"@type\":\"ImageObject\",\"inLanguage\":\"bs-BA\",\"@id\":\"https:\\\/\\\/web-sme-csp.com\\\/bosnia-and-herzegovina\\\/#\\\/schema\\\/logo\\\/image\\\/\",\"url\":\"https:\\\/\\\/web-sme-csp.com\\\/bosnia-and-herzegovina\\\/wp-content\\\/uploads\\\/sites\\\/4\\\/2019\\\/10\\\/cropped-logo-bosnia-transparent.png\",\"contentUrl\":\"https:\\\/\\\/web-sme-csp.com\\\/bosnia-and-herzegovina\\\/wp-content\\\/uploads\\\/sites\\\/4\\\/2019\\\/10\\\/cropped-logo-bosnia-transparent.png\",\"width\":1189,\"height\":250,\"caption\":\"web-sme-csp.com Bosnia_and_Herzegovina\"},\"image\":{\"@id\":\"https:\\\/\\\/web-sme-csp.com\\\/bosnia-and-herzegovina\\\/#\\\/schema\\\/logo\\\/image\\\/\"},\"sameAs\":[\"https:\\\/\\\/www.facebook.com\\\/PodrzavamoMSPuBiH\\\/\"]},{\"@type\":\"Person\",\"@id\":\"https:\\\/\\\/web-sme-csp.com\\\/bosnia-and-herzegovina\\\/#\\\/schema\\\/person\\\/ccff2b6822231caadaca866c7bf28a76\",\"name\":\"admin\",\"image\":{\"@type\":\"ImageObject\",\"inLanguage\":\"bs-BA\",\"@id\":\"https:\\\/\\\/secure.gravatar.com\\\/avatar\\\/ab83f7ac52a92742f8915b650aae5f0b625bf3bf2a075d99817152c012d020bb?s=96&d=mm&r=g\",\"url\":\"https:\\\/\\\/secure.gravatar.com\\\/avatar\\\/ab83f7ac52a92742f8915b650aae5f0b625bf3bf2a075d99817152c012d020bb?s=96&d=mm&r=g\",\"contentUrl\":\"https:\\\/\\\/secure.gravatar.com\\\/avatar\\\/ab83f7ac52a92742f8915b650aae5f0b625bf3bf2a075d99817152c012d020bb?s=96&d=mm&r=g\",\"caption\":\"admin\"},\"url\":\"https:\\\/\\\/web-sme-csp.com\\\/bosnia-and-herzegovina\\\/bs\\\/author\\\/server_ph8150u1\\\/\"}]}<\/script>\n<!-- \/ Yoast SEO plugin. -->","yoast_head_json":{"title":"Napredak u proizvodnji ambala\u017enog materijala - web-sme-csp.com Bosnia_and_Herzegovina","robots":{"index":"index","follow":"follow","max-snippet":"max-snippet:-1","max-image-preview":"max-image-preview:large","max-video-preview":"max-video-preview:-1"},"canonical":"https:\/\/web-sme-csp.com\/bosnia-and-herzegovina\/2020\/06\/24\/advances-in-production-of-packaging-materials\/?lang=bs","og_locale":"bs_BA","og_type":"article","og_title":"Napredak u proizvodnji ambala\u017enog materijala - web-sme-csp.com Bosnia_and_Herzegovina","og_description":"C.P.A. d.o.o. Toj\u0161i\u0107i je fabrika za proizvodnju kartonske ambala\u017ee, kao i za proizvodnju aluminijskih i plasti\u010dnih vrata i prozora. Osnovana \u010ditaj vi\u0161eskinuti","og_url":"https:\/\/web-sme-csp.com\/bosnia-and-herzegovina\/2020\/06\/24\/advances-in-production-of-packaging-materials\/?lang=bs","og_site_name":"web-sme-csp.com Bosnia_and_Herzegovina","article_publisher":"https:\/\/www.facebook.com\/PodrzavamoMSPuBiH\/","article_published_time":"2020-06-24T09:09:39+00:00","article_modified_time":"2020-09-30T14:18:36+00:00","og_image":[{"width":800,"height":602,"url":"https:\/\/web-sme-csp.com\/bosnia-and-herzegovina\/wp-content\/uploads\/sites\/4\/2020\/06\/CPA.png","type":"image\/png"}],"author":"admin","twitter_card":"summary_large_image","twitter_misc":{"Written by":"admin","Est. reading time":"1 minuta"},"schema":{"@context":"https:\/\/schema.org","@graph":[{"@type":"Article","@id":"https:\/\/web-sme-csp.com\/bosnia-and-herzegovina\/2020\/06\/24\/advances-in-production-of-packaging-materials\/?lang=bs#article","isPartOf":{"@id":"https:\/\/web-sme-csp.com\/bosnia-and-herzegovina\/2020\/06\/24\/advances-in-production-of-packaging-materials\/?lang=bs"},"author":{"name":"admin","@id":"https:\/\/web-sme-csp.com\/bosnia-and-herzegovina\/#\/schema\/person\/ccff2b6822231caadaca866c7bf28a76"},"headline":"Napredak u proizvodnji ambala\u017enog materijala","datePublished":"2020-06-24T09:09:39+00:00","dateModified":"2020-09-30T14:18:36+00:00","mainEntityOfPage":{"@id":"https:\/\/web-sme-csp.com\/bosnia-and-herzegovina\/2020\/06\/24\/advances-in-production-of-packaging-materials\/?lang=bs"},"wordCount":271,"publisher":{"@id":"https:\/\/web-sme-csp.com\/bosnia-and-herzegovina\/#organization"},"image":{"@id":"https:\/\/web-sme-csp.com\/bosnia-and-herzegovina\/2020\/06\/24\/advances-in-production-of-packaging-materials\/?lang=bs#primaryimage"},"thumbnailUrl":"https:\/\/web-sme-csp.com\/bosnia-and-herzegovina\/wp-content\/uploads\/sites\/4\/2020\/06\/CPA.png","articleSection":["Success Stories"],"inLanguage":"bs-BA"},{"@type":"WebPage","@id":"https:\/\/web-sme-csp.com\/bosnia-and-herzegovina\/2020\/06\/24\/advances-in-production-of-packaging-materials\/?lang=bs","url":"https:\/\/web-sme-csp.com\/bosnia-and-herzegovina\/2020\/06\/24\/advances-in-production-of-packaging-materials\/?lang=bs","name":"Napredak u proizvodnji ambala\u017enog materijala - web-sme-csp.com Bosnia_and_Herzegovina","isPartOf":{"@id":"https:\/\/web-sme-csp.com\/bosnia-and-herzegovina\/#website"},"primaryImageOfPage":{"@id":"https:\/\/web-sme-csp.com\/bosnia-and-herzegovina\/2020\/06\/24\/advances-in-production-of-packaging-materials\/?lang=bs#primaryimage"},"image":{"@id":"https:\/\/web-sme-csp.com\/bosnia-and-herzegovina\/2020\/06\/24\/advances-in-production-of-packaging-materials\/?lang=bs#primaryimage"},"thumbnailUrl":"https:\/\/web-sme-csp.com\/bosnia-and-herzegovina\/wp-content\/uploads\/sites\/4\/2020\/06\/CPA.png","datePublished":"2020-06-24T09:09:39+00:00","dateModified":"2020-09-30T14:18:36+00:00","breadcrumb":{"@id":"https:\/\/web-sme-csp.com\/bosnia-and-herzegovina\/2020\/06\/24\/advances-in-production-of-packaging-materials\/?lang=bs#breadcrumb"},"inLanguage":"bs-BA","potentialAction":[{"@type":"ReadAction","target":["https:\/\/web-sme-csp.com\/bosnia-and-herzegovina\/2020\/06\/24\/advances-in-production-of-packaging-materials\/?lang=bs"]}]},{"@type":"ImageObject","inLanguage":"bs-BA","@id":"https:\/\/web-sme-csp.com\/bosnia-and-herzegovina\/2020\/06\/24\/advances-in-production-of-packaging-materials\/?lang=bs#primaryimage","url":"https:\/\/web-sme-csp.com\/bosnia-and-herzegovina\/wp-content\/uploads\/sites\/4\/2020\/06\/CPA.png","contentUrl":"https:\/\/web-sme-csp.com\/bosnia-and-herzegovina\/wp-content\/uploads\/sites\/4\/2020\/06\/CPA.png","width":800,"height":602},{"@type":"BreadcrumbList","@id":"https:\/\/web-sme-csp.com\/bosnia-and-herzegovina\/2020\/06\/24\/advances-in-production-of-packaging-materials\/?lang=bs#breadcrumb","itemListElement":[{"@type":"ListItem","position":1,"name":"Home","item":"https:\/\/web-sme-csp.com\/bosnia-and-herzegovina\/bs\/pocetna-stranica\/"},{"@type":"ListItem","position":2,"name":"Napredak u proizvodnji ambala\u017enog materijala"}]},{"@type":"WebSite","@id":"https:\/\/web-sme-csp.com\/bosnia-and-herzegovina\/#website","url":"https:\/\/web-sme-csp.com\/bosnia-and-herzegovina\/","name":"web-sme-csp.com Bosnia_and_Herzegovina","description":"Bosnia_and_Herzegovina","publisher":{"@id":"https:\/\/web-sme-csp.com\/bosnia-and-herzegovina\/#organization"},"potentialAction":[{"@type":"SearchAction","target":{"@type":"EntryPoint","urlTemplate":"https:\/\/web-sme-csp.com\/bosnia-and-herzegovina\/?s={search_term_string}"},"query-input":{"@type":"PropertyValueSpecification","valueRequired":true,"valueName":"search_term_string"}}],"inLanguage":"bs-BA"},{"@type":"Organization","@id":"https:\/\/web-sme-csp.com\/bosnia-and-herzegovina\/#organization","name":"web-sme-csp.com Bosnia_and_Herzegovina","url":"https:\/\/web-sme-csp.com\/bosnia-and-herzegovina\/","logo":{"@type":"ImageObject","inLanguage":"bs-BA","@id":"https:\/\/web-sme-csp.com\/bosnia-and-herzegovina\/#\/schema\/logo\/image\/","url":"https:\/\/web-sme-csp.com\/bosnia-and-herzegovina\/wp-content\/uploads\/sites\/4\/2019\/10\/cropped-logo-bosnia-transparent.png","contentUrl":"https:\/\/web-sme-csp.com\/bosnia-and-herzegovina\/wp-content\/uploads\/sites\/4\/2019\/10\/cropped-logo-bosnia-transparent.png","width":1189,"height":250,"caption":"web-sme-csp.com Bosnia_and_Herzegovina"},"image":{"@id":"https:\/\/web-sme-csp.com\/bosnia-and-herzegovina\/#\/schema\/logo\/image\/"},"sameAs":["https:\/\/www.facebook.com\/PodrzavamoMSPuBiH\/"]},{"@type":"Person","@id":"https:\/\/web-sme-csp.com\/bosnia-and-herzegovina\/#\/schema\/person\/ccff2b6822231caadaca866c7bf28a76","name":"admin","image":{"@type":"ImageObject","inLanguage":"bs-BA","@id":"https:\/\/secure.gravatar.com\/avatar\/ab83f7ac52a92742f8915b650aae5f0b625bf3bf2a075d99817152c012d020bb?s=96&d=mm&r=g","url":"https:\/\/secure.gravatar.com\/avatar\/ab83f7ac52a92742f8915b650aae5f0b625bf3bf2a075d99817152c012d020bb?s=96&d=mm&r=g","contentUrl":"https:\/\/secure.gravatar.com\/avatar\/ab83f7ac52a92742f8915b650aae5f0b625bf3bf2a075d99817152c012d020bb?s=96&d=mm&r=g","caption":"admin"},"url":"https:\/\/web-sme-csp.com\/bosnia-and-herzegovina\/bs\/author\/server_ph8150u1\/"}]}},"_links":{"self":[{"href":"https:\/\/web-sme-csp.com\/bosnia-and-herzegovina\/bs\/wp-json\/wp\/v2\/posts\/588","targetHints":{"allow":["GET"]}}],"collection":[{"href":"https:\/\/web-sme-csp.com\/bosnia-and-herzegovina\/bs\/wp-json\/wp\/v2\/posts"}],"about":[{"href":"https:\/\/web-sme-csp.com\/bosnia-and-herzegovina\/bs\/wp-json\/wp\/v2\/types\/post"}],"author":[{"embeddable":true,"href":"https:\/\/web-sme-csp.com\/bosnia-and-herzegovina\/bs\/wp-json\/wp\/v2\/users\/1"}],"replies":[{"embeddable":true,"href":"https:\/\/web-sme-csp.com\/bosnia-and-herzegovina\/bs\/wp-json\/wp\/v2\/comments?post=588"}],"version-history":[{"count":12,"href":"https:\/\/web-sme-csp.com\/bosnia-and-herzegovina\/bs\/wp-json\/wp\/v2\/posts\/588\/revisions"}],"predecessor-version":[{"id":730,"href":"https:\/\/web-sme-csp.com\/bosnia-and-herzegovina\/bs\/wp-json\/wp\/v2\/posts\/588\/revisions\/730"}],"wp:featuredmedia":[{"embeddable":true,"href":"https:\/\/web-sme-csp.com\/bosnia-and-herzegovina\/bs\/wp-json\/wp\/v2\/media\/510"}],"wp:attachment":[{"href":"https:\/\/web-sme-csp.com\/bosnia-and-herzegovina\/bs\/wp-json\/wp\/v2\/media?parent=588"}],"wp:term":[{"taxonomy":"category","embeddable":true,"href":"https:\/\/web-sme-csp.com\/bosnia-and-herzegovina\/bs\/wp-json\/wp\/v2\/categories?post=588"},{"taxonomy":"post_tag","embeddable":true,"href":"https:\/\/web-sme-csp.com\/bosnia-and-herzegovina\/bs\/wp-json\/wp\/v2\/tags?post=588"}],"curies":[{"name":"wp","href":"https:\/\/api.w.org\/{rel}","templated":true}]}}