{"id":584,"date":"2020-06-24T09:06:25","date_gmt":"2020-06-24T09:06:25","guid":{"rendered":"https:\/\/web-sme-csp.com\/bosnia-and-herzegovina\/?p=584"},"modified":"2020-09-29T15:36:19","modified_gmt":"2020-09-29T15:36:19","slug":"international-road-transport","status":"publish","type":"post","link":"https:\/\/web-sme-csp.com\/bosnia-and-herzegovina\/bs\/2020\/06\/24\/international-road-transport\/","title":{"rendered":"Me\u0111unarodni drumski prevoz"},"content":{"rendered":"\t\t<div data-elementor-type=\"wp-post\" data-elementor-id=\"584\" class=\"elementor elementor-584\" data-elementor-post-type=\"post\">\n\t\t\t\t\t\t<section class=\"elementor-section elementor-top-section elementor-element elementor-element-47fdaa07 elementor-section-full_width elementor-section-height-default elementor-section-height-default\" data-id=\"47fdaa07\" data-element_type=\"section\" data-e-type=\"section\">\n\t\t\t\t\t\t<div class=\"elementor-container elementor-column-gap-no\">\n\t\t\t\t\t<div class=\"elementor-column elementor-col-100 elementor-top-column elementor-element elementor-element-287867f5\" data-id=\"287867f5\" data-element_type=\"column\" data-e-type=\"column\">\n\t\t\t<div class=\"elementor-widget-wrap elementor-element-populated\">\n\t\t\t\t\t\t<div class=\"elementor-element elementor-element-578808a3 elementor-skin-carousel elementor-widget elementor-widget-media-carousel\" data-id=\"578808a3\" data-element_type=\"widget\" data-e-type=\"widget\" data-settings=\"{&quot;space_between&quot;:{&quot;unit&quot;:&quot;px&quot;,&quot;size&quot;:0,&quot;sizes&quot;:[]},&quot;skin&quot;:&quot;carousel&quot;,&quot;effect&quot;:&quot;slide&quot;,&quot;speed&quot;:500,&quot;autoplay&quot;:&quot;yes&quot;,&quot;autoplay_speed&quot;:5000,&quot;loop&quot;:&quot;yes&quot;,&quot;pause_on_hover&quot;:&quot;yes&quot;,&quot;pause_on_interaction&quot;:&quot;yes&quot;,&quot;space_between_tablet&quot;:{&quot;unit&quot;:&quot;px&quot;,&quot;size&quot;:10,&quot;sizes&quot;:[]},&quot;space_between_mobile&quot;:{&quot;unit&quot;:&quot;px&quot;,&quot;size&quot;:10,&quot;sizes&quot;:[]}}\" data-widget_type=\"media-carousel.default\">\n\t\t\t\t<div class=\"elementor-widget-container\">\n\t\t\t\t\t\t\t\t\t<div class=\"elementor-swiper\">\n\t\t\t\t\t<div class=\"elementor-main-swiper swiper\" role=\"region\" aria-roledescription=\"carousel\" aria-label=\"Slides\">\n\t\t\t\t<div class=\"swiper-wrapper\">\n\t\t\t\t\t\t\t\t\t\t\t<div class=\"swiper-slide\" role=\"group\" aria-roledescription=\"slide\">\n\t\t\t\t\t\t\t\t\t<div class=\"elementor-carousel-image\" role=\"img\" aria-label=\"\" style=\"background-image: url(&#039;https:\/\/web-sme-csp.com\/kosovo\/wp-content\/uploads\/sites\/3\/2020\/02\/395129-PCH2M7-589-e1552605691578.jpg&#039;)\">\n\n\t\t\t\n\t\t\t\t\t<\/div>\n\t\t\t\t\t\t\t\t<\/div>\n\t\t\t\t\t\t\t\t\t<\/div>\n\t\t\t\t\t\t\t<\/div>\n\t\t\t\t<\/div>\n\t\t\t\t\t\t\t\t<\/div>\n\t\t\t\t<\/div>\n\t\t\t\t<section class=\"elementor-section elementor-inner-section elementor-element elementor-element-1a4bc386 elementor-section-boxed elementor-section-height-default elementor-section-height-default\" data-id=\"1a4bc386\" data-element_type=\"section\" data-e-type=\"section\">\n\t\t\t\t\t\t<div class=\"elementor-container elementor-column-gap-default\">\n\t\t\t\t\t<div class=\"elementor-column elementor-col-100 elementor-inner-column elementor-element elementor-element-6b205f8a\" data-id=\"6b205f8a\" data-element_type=\"column\" data-e-type=\"column\">\n\t\t\t<div class=\"elementor-widget-wrap\">\n\t\t\t\t\t\t\t<\/div>\n\t\t<\/div>\n\t\t\t\t\t<\/div>\n\t\t<\/section>\n\t\t\t\t\t<\/div>\n\t\t<\/div>\n\t\t\t\t\t<\/div>\n\t\t<\/section>\n\t\t\t\t<section class=\"elementor-section elementor-top-section elementor-element elementor-element-6a1648d1 elementor-section-content-middle elementor-section-boxed elementor-section-height-default elementor-section-height-default\" data-id=\"6a1648d1\" data-element_type=\"section\" data-e-type=\"section\" data-settings=\"{&quot;background_background&quot;:&quot;classic&quot;}\">\n\t\t\t\t\t\t<div class=\"elementor-container elementor-column-gap-default\">\n\t\t\t\t\t<div class=\"elementor-column elementor-col-100 elementor-top-column elementor-element elementor-element-3ffd636d\" data-id=\"3ffd636d\" data-element_type=\"column\" data-e-type=\"column\" data-settings=\"{&quot;background_background&quot;:&quot;classic&quot;}\">\n\t\t\t<div class=\"elementor-widget-wrap elementor-element-populated\">\n\t\t\t\t\t\t<div class=\"elementor-element elementor-element-7bbf5943 elementor-widget elementor-widget-heading\" data-id=\"7bbf5943\" data-element_type=\"widget\" data-e-type=\"widget\" data-widget_type=\"heading.default\">\n\t\t\t\t<div class=\"elementor-widget-container\">\n\t\t\t\t\t<h1 class=\"elementor-heading-title elementor-size-default\">Me\u0111unarodni drumski prevoz<\/h1>\t\t\t\t<\/div>\n\t\t\t\t<\/div>\n\t\t\t\t\t<\/div>\n\t\t<\/div>\n\t\t\t\t\t<\/div>\n\t\t<\/section>\n\t\t\t\t<section class=\"elementor-section elementor-top-section elementor-element elementor-element-14f5d560 elementor-section-boxed elementor-section-height-default elementor-section-height-default\" data-id=\"14f5d560\" data-element_type=\"section\" data-e-type=\"section\">\n\t\t\t\t\t\t<div class=\"elementor-container elementor-column-gap-default\">\n\t\t\t\t\t<div class=\"elementor-column elementor-col-100 elementor-top-column elementor-element elementor-element-48d4d367\" data-id=\"48d4d367\" data-element_type=\"column\" data-e-type=\"column\">\n\t\t\t<div class=\"elementor-widget-wrap elementor-element-populated\">\n\t\t\t\t\t\t<section class=\"elementor-section elementor-inner-section elementor-element elementor-element-3cc8d2bb elementor-section-boxed elementor-section-height-default elementor-section-height-default\" data-id=\"3cc8d2bb\" data-element_type=\"section\" data-e-type=\"section\">\n\t\t\t\t\t\t<div class=\"elementor-container elementor-column-gap-default\">\n\t\t\t\t\t<div class=\"elementor-column elementor-col-50 elementor-inner-column elementor-element elementor-element-bcb708a\" data-id=\"bcb708a\" data-element_type=\"column\" data-e-type=\"column\">\n\t\t\t<div class=\"elementor-widget-wrap elementor-element-populated\">\n\t\t\t\t\t\t<div class=\"elementor-element elementor-element-53124650 elementor-widget elementor-widget-text-editor\" data-id=\"53124650\" data-element_type=\"widget\" data-e-type=\"widget\" data-widget_type=\"text-editor.default\">\n\t\t\t\t<div class=\"elementor-widget-container\">\n\t\t\t\t\t\t\t\t\t<p>IM Transport d.o.o. \u017dep\u010de je me\u0111unarodna kompanija za prevoz robe sa 59 zaposlenih. Kompanija je osnovana 1999. godine. Flota se sastoji od 49 kamiona, 49 poluprikolica i 9 drugih manjih dostavnih vozila, dok tandemi rade izvan sjedi\u0161ta kompanije na \u010custovom brdu, na pola puta izme\u0111u Maglaja i \u017dep\u010da. Kompanija je specijalizirana za me\u0111unarodni teretni prevoz i vozila, a voza\u010di imaju ADR certifikate. Glavna odredi\u0161na tr\u017ei\u0161ta uklju\u010duju Austriju, Njema\u010dku, Holandiju, Belgiju, Francusku, \u0160vicarsku i druga podru\u010dja.<\/p><p>U cilju pove\u0107anja konkurentnosti kompanije u me\u0111unarodnom transportu, pove\u0107anja efikasnosti usluga, smanjenja potro\u0161nje goriva i emisije CO2 i tro\u0161kova (putarina) u zemljama EU, kompanija je zamijenila tri kamiona (jedan Euro 2 i dva Euro 5) sa tri nova DAF XF450FT sa Euro 6 motorima.<\/p><p>Kompanija je dobila besplatnu tehni\u010dku pomo\u0107 za optimizaciju svog investicijskog projekta i 15% bespovratnih sredstava nakon uspje\u0161ne provjere projekta, finansiranih od strane Europske unije.<\/p><p>Sa investicijom, kompanija ispunjava \u0161irok raspon standarda, uklju\u010duju\u0107i:<\/p><ul><li style=\"list-style-type: none;\"><ul><li>Uredba CEMT\/CM\/ (2005)9\/FINAL ministarstva prometa za transport robe u dr\u017eavama \u010dlanicama EU;<\/li><li>Direktiva 2014\/47\/EU o tehni\u010dkom cestovnom nadzoru ispravnosti komercijalnih vozila koja kru\u017ee Europskom unijom, stavljaju\u0107i van snage Direktivu 2000\/30\/EZ;<\/li><li>Uredba (EU) br. 165\/2014 o tahografima u cestovnom prometu, stavljaju\u0107i van snage Uredbu Vije\u0107a (EEZ) br. 3821\/85 o ure\u0111aju za evidentiranje u cestovnom prometu i izmjeni Uredbe (EZ) br. 561\/2006 Europskog parlamenta i Vije\u0107a o uskla\u0111ivanju odre\u0111enog socijalnog zakonodavstva koji se odnosi na drumski saobra\u0107aj;<\/li><li>Uredba Komisije (EU) br. 582\/2011 o provedbi i izmjeni Uredbe (EZ) br. 595\/2009 Europskog parlamenta i Vije\u0107a u vezi s emisijama iz te\u0161kih vozila (Euro VI) i izmjenama i dopunama Priloga I i III Direktive 2007.\/46 \/EZ Europskog parlamenta i Vije\u0107a;<\/li><li>Uredba (EZ) br. 595\/2009 o homologaciji motornih vozila i motora u pogledu emisija iz te\u0161kih vozila (Euro VI) i o pristupu informacijama o popravku i odr\u017eavanju vozila i izmjeni Uredbe (EZ) br. 715\/2007 i Direktiva 2007\/46\/EZ i stavljanje van snage Direktiva 80\/1269\/EEZ, 2005\/55\/EZ i 2005\/78\/EZ i<\/li><li>Direktiva o 2000\/53\/EZ Europskog parlamenta i Vije\u0107a od 18. septembra 2000. godine o istro\u0161nim vozilima.<\/li><\/ul><\/li><\/ul>\t\t\t\t\t\t\t\t<\/div>\n\t\t\t\t<\/div>\n\t\t\t\t\t<\/div>\n\t\t<\/div>\n\t\t\t\t<div class=\"elementor-column elementor-col-50 elementor-inner-column elementor-element elementor-element-1fbf062e\" data-id=\"1fbf062e\" data-element_type=\"column\" data-e-type=\"column\">\n\t\t\t<div class=\"elementor-widget-wrap elementor-element-populated\">\n\t\t\t\t\t\t<div class=\"elementor-element elementor-element-6b4ff9f7 elementor-widget elementor-widget-spacer\" data-id=\"6b4ff9f7\" data-element_type=\"widget\" data-e-type=\"widget\" data-widget_type=\"spacer.default\">\n\t\t\t\t<div class=\"elementor-widget-container\">\n\t\t\t\t\t\t\t<div class=\"elementor-spacer\">\n\t\t\t<div class=\"elementor-spacer-inner\"><\/div>\n\t\t<\/div>\n\t\t\t\t\t\t<\/div>\n\t\t\t\t<\/div>\n\t\t\t\t<div class=\"elementor-element elementor-element-324aa5f5 elementor-widget elementor-widget-spacer\" data-id=\"324aa5f5\" data-element_type=\"widget\" data-e-type=\"widget\" data-widget_type=\"spacer.default\">\n\t\t\t\t<div class=\"elementor-widget-container\">\n\t\t\t\t\t\t\t<div class=\"elementor-spacer\">\n\t\t\t<div class=\"elementor-spacer-inner\"><\/div>\n\t\t<\/div>\n\t\t\t\t\t\t<\/div>\n\t\t\t\t<\/div>\n\t\t\t\t<div class=\"elementor-element elementor-element-1f764a16 elementor-widget elementor-widget-text-editor\" data-id=\"1f764a16\" data-element_type=\"widget\" data-e-type=\"widget\" data-widget_type=\"text-editor.default\">\n\t\t\t\t<div class=\"elementor-widget-container\">\n\t\t\t\t\t\t\t\t\t<table width=\"300\">\n<tbody>\n<tr>\n<td width=\"300\">\n<h4><strong>Iznos kredita:<\/strong><\/h4>\n<\/td>\n<td colspan=\"2\" width=\"300\">\n<h4><strong>178.952 \u20ac <\/strong><\/h4>\n<\/td>\n<\/tr>\n<tr>\n<td width=\"300\">\n<h4><strong>Iznos granta:<\/strong><\/h4>\n<\/td>\n<td colspan=\"2\" width=\"300\">\n<h4><strong>26.843 \u20ac<\/strong><\/h4>\n<\/td>\n<\/tr>\n<tr>\n<td width=\"300\">\n<h4><strong>Ispunjene EU direktive:<\/strong><\/h4>\n<h4><strong>\u00a0<\/strong><\/h4>\n<\/td>\n<td colspan=\"2\" width=\"300\">\n<h4>Sigurnost na cestama, komercijalna motorna vozila, emisije, istro\u0161ena vozila<\/h4>\n<\/td>\n<\/tr>\n<tr>\n<td width=\"95\">\n<h4><strong>Investirano u:<\/strong><\/h4>\n<h4><strong>\u00a0<\/strong><\/h4>\n<\/td>\n<td colspan=\"2\" width=\"300\">\n<h4>DAF XF450FT sa Euro 6 motorom<\/h4>\n<\/td>\n<\/tr>\n<tr>\n<td colspan=\"2\" width=\"300\">\n<h4><strong>U\u0161teda energije i GHG plinova:<\/strong><\/h4>\n<\/td>\n<td width=\"300\">\n<h4>362 MWh\/godi\u0161nje<\/h4>\n<h4>97 tCO2\/godi\u0161nje<\/h4>\n<\/td>\n<\/tr>\n<\/tbody>\n<\/table>\t\t\t\t\t\t\t\t<\/div>\n\t\t\t\t<\/div>\n\t\t\t\t\t<\/div>\n\t\t<\/div>\n\t\t\t\t\t<\/div>\n\t\t<\/section>\n\t\t\t\t\t<\/div>\n\t\t<\/div>\n\t\t\t\t\t<\/div>\n\t\t<\/section>\n\t\t\t\t<section class=\"elementor-section elementor-top-section elementor-element elementor-element-2bb7579a elementor-section-boxed elementor-section-height-default elementor-section-height-default\" data-id=\"2bb7579a\" data-element_type=\"section\" data-e-type=\"section\">\n\t\t\t\t\t\t<div class=\"elementor-container elementor-column-gap-default\">\n\t\t\t\t\t<div class=\"elementor-column elementor-col-100 elementor-top-column elementor-element elementor-element-7df82ab7\" data-id=\"7df82ab7\" data-element_type=\"column\" data-e-type=\"column\">\n\t\t\t<div class=\"elementor-widget-wrap\">\n\t\t\t\t\t\t\t<\/div>\n\t\t<\/div>\n\t\t\t\t\t<\/div>\n\t\t<\/section>\n\t\t\t\t<\/div>\n\t\t","protected":false},"excerpt":{"rendered":"<p>IM Transport d.o.o. \u017dep\u010de je me\u0111unarodna kompanija za prevoz robe sa 59 zaposlenih. Kompanija je osnovana 1999. godine.<br \/>\n<br \/>\n<a href=\"https:\/\/web-sme-csp.com\/bosnia-and-herzegovina\/2020\/06\/24\/international-road-transport\/?lang=bs\" class=\"elementor-button cust-button\" role=\"button\">\u010ditaj vi\u0161e<\/a><a href=\"https:\/\/web-sme-csp.com\/bosnia-and-herzegovina\/wp-content\/uploads\/sites\/4\/2020\/06\/WEB-BiH-SUCCESS-Rajz-ENG.pdf\" class=\"elementor-button cust-button\" role=\"button\">skinuti<\/a><\/p>\n","protected":false},"author":1,"featured_media":518,"comment_status":"closed","ping_status":"open","sticky":false,"template":"elementor_header_footer","format":"standard","meta":{"footnotes":""},"categories":[11],"tags":[],"class_list":["post-584","post","type-post","status-publish","format-standard","has-post-thumbnail","hentry","category-success-stories"],"yoast_head":"<!-- This site is optimized with the Yoast SEO plugin v27.5 - https:\/\/yoast.com\/product\/yoast-seo-wordpress\/ -->\n<title>Me\u0111unarodni drumski prevoz - web-sme-csp.com Bosnia_and_Herzegovina<\/title>\n<meta name=\"robots\" content=\"index, follow, max-snippet:-1, max-image-preview:large, max-video-preview:-1\" \/>\n<link rel=\"canonical\" href=\"https:\/\/web-sme-csp.com\/bosnia-and-herzegovina\/2020\/06\/24\/international-road-transport\/?lang=bs\" \/>\n<meta property=\"og:locale\" content=\"bs_BA\" \/>\n<meta property=\"og:type\" content=\"article\" \/>\n<meta property=\"og:title\" content=\"Me\u0111unarodni drumski prevoz - web-sme-csp.com Bosnia_and_Herzegovina\" \/>\n<meta property=\"og:description\" content=\"IM Transport d.o.o. \u017dep\u010de je me\u0111unarodna kompanija za prevoz robe sa 59 zaposlenih. Kompanija je osnovana 1999. godine. \u010ditaj vi\u0161eskinuti\" \/>\n<meta property=\"og:url\" content=\"https:\/\/web-sme-csp.com\/bosnia-and-herzegovina\/2020\/06\/24\/international-road-transport\/?lang=bs\" \/>\n<meta property=\"og:site_name\" content=\"web-sme-csp.com Bosnia_and_Herzegovina\" \/>\n<meta property=\"article:publisher\" content=\"https:\/\/www.facebook.com\/PodrzavamoMSPuBiH\/\" \/>\n<meta property=\"article:published_time\" content=\"2020-06-24T09:06:25+00:00\" \/>\n<meta property=\"article:modified_time\" content=\"2020-09-29T15:36:19+00:00\" \/>\n<meta property=\"og:image\" content=\"https:\/\/web-sme-csp.com\/bosnia-and-herzegovina\/wp-content\/uploads\/sites\/4\/2020\/06\/road-transport-1024x575.png\" \/>\n\t<meta property=\"og:image:width\" content=\"1024\" \/>\n\t<meta property=\"og:image:height\" content=\"575\" \/>\n\t<meta property=\"og:image:type\" content=\"image\/png\" \/>\n<meta name=\"author\" content=\"admin\" \/>\n<meta name=\"twitter:card\" content=\"summary_large_image\" \/>\n<meta name=\"twitter:label1\" content=\"Written by\" \/>\n\t<meta name=\"twitter:data1\" content=\"admin\" \/>\n\t<meta name=\"twitter:label2\" content=\"Est. reading time\" \/>\n\t<meta name=\"twitter:data2\" content=\"2 minute\" \/>\n<script type=\"application\/ld+json\" class=\"yoast-schema-graph\">{\"@context\":\"https:\\\/\\\/schema.org\",\"@graph\":[{\"@type\":\"Article\",\"@id\":\"https:\\\/\\\/web-sme-csp.com\\\/bosnia-and-herzegovina\\\/2020\\\/06\\\/24\\\/international-road-transport\\\/?lang=bs#article\",\"isPartOf\":{\"@id\":\"https:\\\/\\\/web-sme-csp.com\\\/bosnia-and-herzegovina\\\/2020\\\/06\\\/24\\\/international-road-transport\\\/?lang=bs\"},\"author\":{\"name\":\"admin\",\"@id\":\"https:\\\/\\\/web-sme-csp.com\\\/bosnia-and-herzegovina\\\/#\\\/schema\\\/person\\\/ccff2b6822231caadaca866c7bf28a76\"},\"headline\":\"Me\u0111unarodni drumski prevoz\",\"datePublished\":\"2020-06-24T09:06:25+00:00\",\"dateModified\":\"2020-09-29T15:36:19+00:00\",\"mainEntityOfPage\":{\"@id\":\"https:\\\/\\\/web-sme-csp.com\\\/bosnia-and-herzegovina\\\/2020\\\/06\\\/24\\\/international-road-transport\\\/?lang=bs\"},\"wordCount\":400,\"publisher\":{\"@id\":\"https:\\\/\\\/web-sme-csp.com\\\/bosnia-and-herzegovina\\\/#organization\"},\"image\":{\"@id\":\"https:\\\/\\\/web-sme-csp.com\\\/bosnia-and-herzegovina\\\/2020\\\/06\\\/24\\\/international-road-transport\\\/?lang=bs#primaryimage\"},\"thumbnailUrl\":\"https:\\\/\\\/web-sme-csp.com\\\/bosnia-and-herzegovina\\\/wp-content\\\/uploads\\\/sites\\\/4\\\/2020\\\/06\\\/road-transport.png\",\"articleSection\":[\"Success Stories\"],\"inLanguage\":\"bs-BA\"},{\"@type\":\"WebPage\",\"@id\":\"https:\\\/\\\/web-sme-csp.com\\\/bosnia-and-herzegovina\\\/2020\\\/06\\\/24\\\/international-road-transport\\\/?lang=bs\",\"url\":\"https:\\\/\\\/web-sme-csp.com\\\/bosnia-and-herzegovina\\\/2020\\\/06\\\/24\\\/international-road-transport\\\/?lang=bs\",\"name\":\"Me\u0111unarodni drumski prevoz - web-sme-csp.com Bosnia_and_Herzegovina\",\"isPartOf\":{\"@id\":\"https:\\\/\\\/web-sme-csp.com\\\/bosnia-and-herzegovina\\\/#website\"},\"primaryImageOfPage\":{\"@id\":\"https:\\\/\\\/web-sme-csp.com\\\/bosnia-and-herzegovina\\\/2020\\\/06\\\/24\\\/international-road-transport\\\/?lang=bs#primaryimage\"},\"image\":{\"@id\":\"https:\\\/\\\/web-sme-csp.com\\\/bosnia-and-herzegovina\\\/2020\\\/06\\\/24\\\/international-road-transport\\\/?lang=bs#primaryimage\"},\"thumbnailUrl\":\"https:\\\/\\\/web-sme-csp.com\\\/bosnia-and-herzegovina\\\/wp-content\\\/uploads\\\/sites\\\/4\\\/2020\\\/06\\\/road-transport.png\",\"datePublished\":\"2020-06-24T09:06:25+00:00\",\"dateModified\":\"2020-09-29T15:36:19+00:00\",\"breadcrumb\":{\"@id\":\"https:\\\/\\\/web-sme-csp.com\\\/bosnia-and-herzegovina\\\/2020\\\/06\\\/24\\\/international-road-transport\\\/?lang=bs#breadcrumb\"},\"inLanguage\":\"bs-BA\",\"potentialAction\":[{\"@type\":\"ReadAction\",\"target\":[\"https:\\\/\\\/web-sme-csp.com\\\/bosnia-and-herzegovina\\\/2020\\\/06\\\/24\\\/international-road-transport\\\/?lang=bs\"]}]},{\"@type\":\"ImageObject\",\"inLanguage\":\"bs-BA\",\"@id\":\"https:\\\/\\\/web-sme-csp.com\\\/bosnia-and-herzegovina\\\/2020\\\/06\\\/24\\\/international-road-transport\\\/?lang=bs#primaryimage\",\"url\":\"https:\\\/\\\/web-sme-csp.com\\\/bosnia-and-herzegovina\\\/wp-content\\\/uploads\\\/sites\\\/4\\\/2020\\\/06\\\/road-transport.png\",\"contentUrl\":\"https:\\\/\\\/web-sme-csp.com\\\/bosnia-and-herzegovina\\\/wp-content\\\/uploads\\\/sites\\\/4\\\/2020\\\/06\\\/road-transport.png\",\"width\":1900,\"height\":1067},{\"@type\":\"BreadcrumbList\",\"@id\":\"https:\\\/\\\/web-sme-csp.com\\\/bosnia-and-herzegovina\\\/2020\\\/06\\\/24\\\/international-road-transport\\\/?lang=bs#breadcrumb\",\"itemListElement\":[{\"@type\":\"ListItem\",\"position\":1,\"name\":\"Home\",\"item\":\"https:\\\/\\\/web-sme-csp.com\\\/bosnia-and-herzegovina\\\/bs\\\/pocetna-stranica\\\/\"},{\"@type\":\"ListItem\",\"position\":2,\"name\":\"Me\u0111unarodni drumski prevoz\"}]},{\"@type\":\"WebSite\",\"@id\":\"https:\\\/\\\/web-sme-csp.com\\\/bosnia-and-herzegovina\\\/#website\",\"url\":\"https:\\\/\\\/web-sme-csp.com\\\/bosnia-and-herzegovina\\\/\",\"name\":\"web-sme-csp.com Bosnia_and_Herzegovina\",\"description\":\"Bosnia_and_Herzegovina\",\"publisher\":{\"@id\":\"https:\\\/\\\/web-sme-csp.com\\\/bosnia-and-herzegovina\\\/#organization\"},\"potentialAction\":[{\"@type\":\"SearchAction\",\"target\":{\"@type\":\"EntryPoint\",\"urlTemplate\":\"https:\\\/\\\/web-sme-csp.com\\\/bosnia-and-herzegovina\\\/?s={search_term_string}\"},\"query-input\":{\"@type\":\"PropertyValueSpecification\",\"valueRequired\":true,\"valueName\":\"search_term_string\"}}],\"inLanguage\":\"bs-BA\"},{\"@type\":\"Organization\",\"@id\":\"https:\\\/\\\/web-sme-csp.com\\\/bosnia-and-herzegovina\\\/#organization\",\"name\":\"web-sme-csp.com Bosnia_and_Herzegovina\",\"url\":\"https:\\\/\\\/web-sme-csp.com\\\/bosnia-and-herzegovina\\\/\",\"logo\":{\"@type\":\"ImageObject\",\"inLanguage\":\"bs-BA\",\"@id\":\"https:\\\/\\\/web-sme-csp.com\\\/bosnia-and-herzegovina\\\/#\\\/schema\\\/logo\\\/image\\\/\",\"url\":\"https:\\\/\\\/web-sme-csp.com\\\/bosnia-and-herzegovina\\\/wp-content\\\/uploads\\\/sites\\\/4\\\/2019\\\/10\\\/cropped-logo-bosnia-transparent.png\",\"contentUrl\":\"https:\\\/\\\/web-sme-csp.com\\\/bosnia-and-herzegovina\\\/wp-content\\\/uploads\\\/sites\\\/4\\\/2019\\\/10\\\/cropped-logo-bosnia-transparent.png\",\"width\":1189,\"height\":250,\"caption\":\"web-sme-csp.com Bosnia_and_Herzegovina\"},\"image\":{\"@id\":\"https:\\\/\\\/web-sme-csp.com\\\/bosnia-and-herzegovina\\\/#\\\/schema\\\/logo\\\/image\\\/\"},\"sameAs\":[\"https:\\\/\\\/www.facebook.com\\\/PodrzavamoMSPuBiH\\\/\"]},{\"@type\":\"Person\",\"@id\":\"https:\\\/\\\/web-sme-csp.com\\\/bosnia-and-herzegovina\\\/#\\\/schema\\\/person\\\/ccff2b6822231caadaca866c7bf28a76\",\"name\":\"admin\",\"image\":{\"@type\":\"ImageObject\",\"inLanguage\":\"bs-BA\",\"@id\":\"https:\\\/\\\/secure.gravatar.com\\\/avatar\\\/ab83f7ac52a92742f8915b650aae5f0b625bf3bf2a075d99817152c012d020bb?s=96&d=mm&r=g\",\"url\":\"https:\\\/\\\/secure.gravatar.com\\\/avatar\\\/ab83f7ac52a92742f8915b650aae5f0b625bf3bf2a075d99817152c012d020bb?s=96&d=mm&r=g\",\"contentUrl\":\"https:\\\/\\\/secure.gravatar.com\\\/avatar\\\/ab83f7ac52a92742f8915b650aae5f0b625bf3bf2a075d99817152c012d020bb?s=96&d=mm&r=g\",\"caption\":\"admin\"},\"url\":\"https:\\\/\\\/web-sme-csp.com\\\/bosnia-and-herzegovina\\\/bs\\\/author\\\/server_ph8150u1\\\/\"}]}<\/script>\n<!-- \/ Yoast SEO plugin. -->","yoast_head_json":{"title":"Me\u0111unarodni drumski prevoz - web-sme-csp.com Bosnia_and_Herzegovina","robots":{"index":"index","follow":"follow","max-snippet":"max-snippet:-1","max-image-preview":"max-image-preview:large","max-video-preview":"max-video-preview:-1"},"canonical":"https:\/\/web-sme-csp.com\/bosnia-and-herzegovina\/2020\/06\/24\/international-road-transport\/?lang=bs","og_locale":"bs_BA","og_type":"article","og_title":"Me\u0111unarodni drumski prevoz - web-sme-csp.com Bosnia_and_Herzegovina","og_description":"IM Transport d.o.o. \u017dep\u010de je me\u0111unarodna kompanija za prevoz robe sa 59 zaposlenih. Kompanija je osnovana 1999. godine. \u010ditaj vi\u0161eskinuti","og_url":"https:\/\/web-sme-csp.com\/bosnia-and-herzegovina\/2020\/06\/24\/international-road-transport\/?lang=bs","og_site_name":"web-sme-csp.com Bosnia_and_Herzegovina","article_publisher":"https:\/\/www.facebook.com\/PodrzavamoMSPuBiH\/","article_published_time":"2020-06-24T09:06:25+00:00","article_modified_time":"2020-09-29T15:36:19+00:00","og_image":[{"width":1024,"height":575,"url":"https:\/\/web-sme-csp.com\/bosnia-and-herzegovina\/wp-content\/uploads\/sites\/4\/2020\/06\/road-transport-1024x575.png","type":"image\/png"}],"author":"admin","twitter_card":"summary_large_image","twitter_misc":{"Written by":"admin","Est. reading time":"2 minute"},"schema":{"@context":"https:\/\/schema.org","@graph":[{"@type":"Article","@id":"https:\/\/web-sme-csp.com\/bosnia-and-herzegovina\/2020\/06\/24\/international-road-transport\/?lang=bs#article","isPartOf":{"@id":"https:\/\/web-sme-csp.com\/bosnia-and-herzegovina\/2020\/06\/24\/international-road-transport\/?lang=bs"},"author":{"name":"admin","@id":"https:\/\/web-sme-csp.com\/bosnia-and-herzegovina\/#\/schema\/person\/ccff2b6822231caadaca866c7bf28a76"},"headline":"Me\u0111unarodni drumski prevoz","datePublished":"2020-06-24T09:06:25+00:00","dateModified":"2020-09-29T15:36:19+00:00","mainEntityOfPage":{"@id":"https:\/\/web-sme-csp.com\/bosnia-and-herzegovina\/2020\/06\/24\/international-road-transport\/?lang=bs"},"wordCount":400,"publisher":{"@id":"https:\/\/web-sme-csp.com\/bosnia-and-herzegovina\/#organization"},"image":{"@id":"https:\/\/web-sme-csp.com\/bosnia-and-herzegovina\/2020\/06\/24\/international-road-transport\/?lang=bs#primaryimage"},"thumbnailUrl":"https:\/\/web-sme-csp.com\/bosnia-and-herzegovina\/wp-content\/uploads\/sites\/4\/2020\/06\/road-transport.png","articleSection":["Success Stories"],"inLanguage":"bs-BA"},{"@type":"WebPage","@id":"https:\/\/web-sme-csp.com\/bosnia-and-herzegovina\/2020\/06\/24\/international-road-transport\/?lang=bs","url":"https:\/\/web-sme-csp.com\/bosnia-and-herzegovina\/2020\/06\/24\/international-road-transport\/?lang=bs","name":"Me\u0111unarodni drumski prevoz - web-sme-csp.com Bosnia_and_Herzegovina","isPartOf":{"@id":"https:\/\/web-sme-csp.com\/bosnia-and-herzegovina\/#website"},"primaryImageOfPage":{"@id":"https:\/\/web-sme-csp.com\/bosnia-and-herzegovina\/2020\/06\/24\/international-road-transport\/?lang=bs#primaryimage"},"image":{"@id":"https:\/\/web-sme-csp.com\/bosnia-and-herzegovina\/2020\/06\/24\/international-road-transport\/?lang=bs#primaryimage"},"thumbnailUrl":"https:\/\/web-sme-csp.com\/bosnia-and-herzegovina\/wp-content\/uploads\/sites\/4\/2020\/06\/road-transport.png","datePublished":"2020-06-24T09:06:25+00:00","dateModified":"2020-09-29T15:36:19+00:00","breadcrumb":{"@id":"https:\/\/web-sme-csp.com\/bosnia-and-herzegovina\/2020\/06\/24\/international-road-transport\/?lang=bs#breadcrumb"},"inLanguage":"bs-BA","potentialAction":[{"@type":"ReadAction","target":["https:\/\/web-sme-csp.com\/bosnia-and-herzegovina\/2020\/06\/24\/international-road-transport\/?lang=bs"]}]},{"@type":"ImageObject","inLanguage":"bs-BA","@id":"https:\/\/web-sme-csp.com\/bosnia-and-herzegovina\/2020\/06\/24\/international-road-transport\/?lang=bs#primaryimage","url":"https:\/\/web-sme-csp.com\/bosnia-and-herzegovina\/wp-content\/uploads\/sites\/4\/2020\/06\/road-transport.png","contentUrl":"https:\/\/web-sme-csp.com\/bosnia-and-herzegovina\/wp-content\/uploads\/sites\/4\/2020\/06\/road-transport.png","width":1900,"height":1067},{"@type":"BreadcrumbList","@id":"https:\/\/web-sme-csp.com\/bosnia-and-herzegovina\/2020\/06\/24\/international-road-transport\/?lang=bs#breadcrumb","itemListElement":[{"@type":"ListItem","position":1,"name":"Home","item":"https:\/\/web-sme-csp.com\/bosnia-and-herzegovina\/bs\/pocetna-stranica\/"},{"@type":"ListItem","position":2,"name":"Me\u0111unarodni drumski prevoz"}]},{"@type":"WebSite","@id":"https:\/\/web-sme-csp.com\/bosnia-and-herzegovina\/#website","url":"https:\/\/web-sme-csp.com\/bosnia-and-herzegovina\/","name":"web-sme-csp.com Bosnia_and_Herzegovina","description":"Bosnia_and_Herzegovina","publisher":{"@id":"https:\/\/web-sme-csp.com\/bosnia-and-herzegovina\/#organization"},"potentialAction":[{"@type":"SearchAction","target":{"@type":"EntryPoint","urlTemplate":"https:\/\/web-sme-csp.com\/bosnia-and-herzegovina\/?s={search_term_string}"},"query-input":{"@type":"PropertyValueSpecification","valueRequired":true,"valueName":"search_term_string"}}],"inLanguage":"bs-BA"},{"@type":"Organization","@id":"https:\/\/web-sme-csp.com\/bosnia-and-herzegovina\/#organization","name":"web-sme-csp.com Bosnia_and_Herzegovina","url":"https:\/\/web-sme-csp.com\/bosnia-and-herzegovina\/","logo":{"@type":"ImageObject","inLanguage":"bs-BA","@id":"https:\/\/web-sme-csp.com\/bosnia-and-herzegovina\/#\/schema\/logo\/image\/","url":"https:\/\/web-sme-csp.com\/bosnia-and-herzegovina\/wp-content\/uploads\/sites\/4\/2019\/10\/cropped-logo-bosnia-transparent.png","contentUrl":"https:\/\/web-sme-csp.com\/bosnia-and-herzegovina\/wp-content\/uploads\/sites\/4\/2019\/10\/cropped-logo-bosnia-transparent.png","width":1189,"height":250,"caption":"web-sme-csp.com Bosnia_and_Herzegovina"},"image":{"@id":"https:\/\/web-sme-csp.com\/bosnia-and-herzegovina\/#\/schema\/logo\/image\/"},"sameAs":["https:\/\/www.facebook.com\/PodrzavamoMSPuBiH\/"]},{"@type":"Person","@id":"https:\/\/web-sme-csp.com\/bosnia-and-herzegovina\/#\/schema\/person\/ccff2b6822231caadaca866c7bf28a76","name":"admin","image":{"@type":"ImageObject","inLanguage":"bs-BA","@id":"https:\/\/secure.gravatar.com\/avatar\/ab83f7ac52a92742f8915b650aae5f0b625bf3bf2a075d99817152c012d020bb?s=96&d=mm&r=g","url":"https:\/\/secure.gravatar.com\/avatar\/ab83f7ac52a92742f8915b650aae5f0b625bf3bf2a075d99817152c012d020bb?s=96&d=mm&r=g","contentUrl":"https:\/\/secure.gravatar.com\/avatar\/ab83f7ac52a92742f8915b650aae5f0b625bf3bf2a075d99817152c012d020bb?s=96&d=mm&r=g","caption":"admin"},"url":"https:\/\/web-sme-csp.com\/bosnia-and-herzegovina\/bs\/author\/server_ph8150u1\/"}]}},"_links":{"self":[{"href":"https:\/\/web-sme-csp.com\/bosnia-and-herzegovina\/bs\/wp-json\/wp\/v2\/posts\/584","targetHints":{"allow":["GET"]}}],"collection":[{"href":"https:\/\/web-sme-csp.com\/bosnia-and-herzegovina\/bs\/wp-json\/wp\/v2\/posts"}],"about":[{"href":"https:\/\/web-sme-csp.com\/bosnia-and-herzegovina\/bs\/wp-json\/wp\/v2\/types\/post"}],"author":[{"embeddable":true,"href":"https:\/\/web-sme-csp.com\/bosnia-and-herzegovina\/bs\/wp-json\/wp\/v2\/users\/1"}],"replies":[{"embeddable":true,"href":"https:\/\/web-sme-csp.com\/bosnia-and-herzegovina\/bs\/wp-json\/wp\/v2\/comments?post=584"}],"version-history":[{"count":7,"href":"https:\/\/web-sme-csp.com\/bosnia-and-herzegovina\/bs\/wp-json\/wp\/v2\/posts\/584\/revisions"}],"predecessor-version":[{"id":724,"href":"https:\/\/web-sme-csp.com\/bosnia-and-herzegovina\/bs\/wp-json\/wp\/v2\/posts\/584\/revisions\/724"}],"wp:featuredmedia":[{"embeddable":true,"href":"https:\/\/web-sme-csp.com\/bosnia-and-herzegovina\/bs\/wp-json\/wp\/v2\/media\/518"}],"wp:attachment":[{"href":"https:\/\/web-sme-csp.com\/bosnia-and-herzegovina\/bs\/wp-json\/wp\/v2\/media?parent=584"}],"wp:term":[{"taxonomy":"category","embeddable":true,"href":"https:\/\/web-sme-csp.com\/bosnia-and-herzegovina\/bs\/wp-json\/wp\/v2\/categories?post=584"},{"taxonomy":"post_tag","embeddable":true,"href":"https:\/\/web-sme-csp.com\/bosnia-and-herzegovina\/bs\/wp-json\/wp\/v2\/tags?post=584"}],"curies":[{"name":"wp","href":"https:\/\/api.w.org\/{rel}","templated":true}]}}